{"id":22467,"date":"2021-08-24T09:03:13","date_gmt":"2021-08-24T09:03:13","guid":{"rendered":"https:\/\/blogdorogeriogomes.com.br\/?p=22467"},"modified":"2021-08-24T11:11:19","modified_gmt":"2021-08-24T11:11:19","slug":"prefeitura-de-fortaleza-quer-levantamento-de-quantas-pessoas-atuam-hoje-na-feira-da-jose-avelino","status":"publish","type":"post","link":"https:\/\/blogdorogeriogomes.com.br\/noticias\/2021\/08\/prefeitura-de-fortaleza-quer-levantamento-de-quantas-pessoas-atuam-hoje-na-feira-da-jose-avelino\/","title":{"rendered":"Prefeitura de Fortaleza quer levantamento de quantas pessoas atuam hoje na Feira da Jos\u00e9 Avelino"},"content":{"rendered":"\n<p>No primeiro encontro dos representantes dos feirantes da Jos\u00e9 Avelino com o comit\u00ea criado para buscar solu\u00e7\u00f5es para o ordenamento no Centro de Fortaleza, a Prefeitura da Capital fez a solicita\u00e7\u00e3o de um levantamento de quantas pessoas comercializam produtos na pr\u00f3pria Jos\u00e9 Avelino e em ruas do entorno. O &nbsp;objetivo \u00e9 cruzar dados para discutir e propor solu\u00e7\u00f5es para o problema que, recentemente, gerou confronto entre feirantes e a Guarda Municipal. Um dos feirantes morreu nesse enfrentamento.<\/p>\n\n\n\n<p>Toda a negocia\u00e7\u00e3o com o segmento tem contado com a media\u00e7\u00e3o do presidente da C\u00e2mara Municipal de Fortaleza, vereador Ant\u00f4nio Henrique (PDT), al\u00e9m do secret\u00e1rio de Governo, Renato Lima, que destaca a import\u00e2ncia do levantamento para avan\u00e7ar nas negocia\u00e7\u00f5es. &#8220;N\u00f3s vamos passar agora para o segundo momento, que \u00e9 o levantamento de dados. Esperamos receber nesta ter\u00e7a-feira o quantitativo de pessoas que trabalham no entorno da Jos\u00e9 Avelino, nas \u00e1reas p\u00fablicas&#8221;, disse Renato Lima.<\/p>\n\n\n\n<figure class=\"wp-block-image size-large\"><img loading=\"lazy\" decoding=\"async\" width=\"818\" height=\"459\" src=\"https:\/\/blogdorogeriogomes.com.br\/wp-content\/uploads\/2021\/08\/1_reuniao_comite_prefeitura-16895749.jpg\" alt=\"\" class=\"wp-image-22469\" srcset=\"https:\/\/blogdorogeriogomes.com.br\/noticias\/wp-content\/uploads\/2021\/08\/1_reuniao_comite_prefeitura-16895749.jpg 818w, https:\/\/blogdorogeriogomes.com.br\/noticias\/wp-content\/uploads\/2021\/08\/1_reuniao_comite_prefeitura-16895749-300x168.jpg 300w, https:\/\/blogdorogeriogomes.com.br\/noticias\/wp-content\/uploads\/2021\/08\/1_reuniao_comite_prefeitura-16895749-768x431.jpg 768w, https:\/\/blogdorogeriogomes.com.br\/noticias\/wp-content\/uploads\/2021\/08\/1_reuniao_comite_prefeitura-16895749-800x449.jpg 800w\" sizes=\"auto, (max-width: 818px) 100vw, 818px\" \/><\/figure>\n","protected":false},"excerpt":{"rendered":"<p>No primeiro encontro dos representantes dos feirantes da Jos\u00e9 Avelino com o comit\u00ea criado para buscar solu\u00e7\u00f5es para o ordenamento no Centro de Fortaleza, a Prefeitura da Capital fez a solicita\u00e7\u00e3o de um levantamento de quantas pessoas comercializam produtos na pr\u00f3pria Jos\u00e9 Avelino e em ruas do entorno. O &nbsp;objetivo \u00e9 cruzar dados para discutir e propor solu\u00e7\u00f5es para o problema que, recentemente, gerou confronto entre feirantes e a Guarda Municipal. Um dos feirantes morreu nesse enfrentamento. Toda a&hellip;<\/p>\n","protected":false},"author":1,"featured_media":22468,"comment_status":"open","ping_status":"open","sticky":false,"template":"","format":"standard","meta":{"footnotes":""},"categories":[1],"tags":[],"class_list":["post-22467","post","type-post","status-publish","format-standard","has-post-thumbnail","hentry","category-noticias"],"_links":{"self":[{"href":"https:\/\/blogdorogeriogomes.com.br\/noticias\/wp-json\/wp\/v2\/posts\/22467","targetHints":{"allow":["GET"]}}],"collection":[{"href":"https:\/\/blogdorogeriogomes.com.br\/noticias\/wp-json\/wp\/v2\/posts"}],"about":[{"href":"https:\/\/blogdorogeriogomes.com.br\/noticias\/wp-json\/wp\/v2\/types\/post"}],"author":[{"embeddable":true,"href":"https:\/\/blogdorogeriogomes.com.br\/noticias\/wp-json\/wp\/v2\/users\/1"}],"replies":[{"embeddable":true,"href":"https:\/\/blogdorogeriogomes.com.br\/noticias\/wp-json\/wp\/v2\/comments?post=22467"}],"version-history":[{"count":2,"href":"https:\/\/blogdorogeriogomes.com.br\/noticias\/wp-json\/wp\/v2\/posts\/22467\/revisions"}],"predecessor-version":[{"id":22476,"href":"https:\/\/blogdorogeriogomes.com.br\/noticias\/wp-json\/wp\/v2\/posts\/22467\/revisions\/22476"}],"wp:featuredmedia":[{"embeddable":true,"href":"https:\/\/blogdorogeriogomes.com.br\/noticias\/wp-json\/wp\/v2\/media\/22468"}],"wp:attachment":[{"href":"https:\/\/blogdorogeriogomes.com.br\/noticias\/wp-json\/wp\/v2\/media?parent=22467"}],"wp:term":[{"taxonomy":"category","embeddable":true,"href":"https:\/\/blogdorogeriogomes.com.br\/noticias\/wp-json\/wp\/v2\/categories?post=22467"},{"taxonomy":"post_tag","embeddable":true,"href":"https:\/\/blogdorogeriogomes.com.br\/noticias\/wp-json\/wp\/v2\/tags?post=22467"}],"curies":[{"name":"wp","href":"https:\/\/api.w.org\/{rel}","templated":true}]}}