{"id":22471,"date":"2021-08-24T09:35:03","date_gmt":"2021-08-24T09:35:03","guid":{"rendered":"https:\/\/blogdorogeriogomes.com.br\/?p=22471"},"modified":"2021-08-24T11:12:03","modified_gmt":"2021-08-24T11:12:03","slug":"senador-cid-gomes-defende-o-nome-de-roberto-claudio-para-concorrer-ao-governo-do-estado-em-2022","status":"publish","type":"post","link":"https:\/\/blogdorogeriogomes.com.br\/noticias\/2021\/08\/senador-cid-gomes-defende-o-nome-de-roberto-claudio-para-concorrer-ao-governo-do-estado-em-2022\/","title":{"rendered":"Senador Cid Gomes defende o nome de Roberto Cl\u00e1udio para concorrer ao Governo do Estado em 2022"},"content":{"rendered":"\n<p>O senador Cid Gomes (PDT) foi um dos pol\u00edticos que se encontraram com o ex-presidente Lula (PT) em Fortaleza nesta segunda-feira, dia 23 de agosto. O encontro foi chancelado pelo governador Camilo Santana (PT) na Resid\u00eancia Oficial. Cid \u00e9 defensor que o PDT esteja na cabe\u00e7a de chapa para o Governo Estadual em 2022. Ele referenda o nome do ex-prefeito de Fortaleza, Roberto Cl\u00e1udio, para ser o candidato da situa\u00e7\u00e3o. Neste cen\u00e1rio, Camilo Santana seria o candidato ao Senado no pr\u00f3ximo ano.<\/p>\n\n\n\n<p>Na opini\u00e3o de Cid Gomes, Roberto Cl\u00e1udio \u00e9 \u201co melhor nome do PDT nesse momento, o mais popular, o que aparece com mais chances nas pesquisas eleitorais, \u00e9 o do ex-prefeito de Fortaleza\u201d. No PDT, no entanto, h\u00e1 outros nomes que se apresentam como pr\u00e9 candidatos ao Governo, como o presidente da Assembleia Legislativa, Evandro Leit\u00e3o, e o secret\u00e1rio estadual Mauro Filho.<\/p>\n\n\n\n<p>Ainda h\u00e1 muitas negocia\u00e7\u00f5es de bastidores pela frente.<\/p>\n\n\n\n<figure class=\"wp-block-image size-large\"><img loading=\"lazy\" decoding=\"async\" width=\"800\" height=\"384\" src=\"https:\/\/blogdorogeriogomes.com.br\/wp-content\/uploads\/2021\/08\/images-14.jpeg\" alt=\"\" class=\"wp-image-22472\" srcset=\"https:\/\/blogdorogeriogomes.com.br\/noticias\/wp-content\/uploads\/2021\/08\/images-14.jpeg 800w, https:\/\/blogdorogeriogomes.com.br\/noticias\/wp-content\/uploads\/2021\/08\/images-14-300x144.jpeg 300w, https:\/\/blogdorogeriogomes.com.br\/noticias\/wp-content\/uploads\/2021\/08\/images-14-768x369.jpeg 768w\" sizes=\"auto, (max-width: 800px) 100vw, 800px\" \/><\/figure>\n","protected":false},"excerpt":{"rendered":"<p>O senador Cid Gomes (PDT) foi um dos pol\u00edticos que se encontraram com o ex-presidente Lula (PT) em Fortaleza nesta segunda-feira, dia 23 de agosto. O encontro foi chancelado pelo governador Camilo Santana (PT) na Resid\u00eancia Oficial. Cid \u00e9 defensor que o PDT esteja na cabe\u00e7a de chapa para o Governo Estadual em 2022. Ele referenda o nome do ex-prefeito de Fortaleza, Roberto Cl\u00e1udio, para ser o candidato da situa\u00e7\u00e3o. Neste cen\u00e1rio, Camilo Santana seria o candidato ao Senado&hellip;<\/p>\n","protected":false},"author":1,"featured_media":22472,"comment_status":"open","ping_status":"open","sticky":false,"template":"","format":"standard","meta":{"footnotes":""},"categories":[1],"tags":[],"class_list":["post-22471","post","type-post","status-publish","format-standard","has-post-thumbnail","hentry","category-noticias"],"_links":{"self":[{"href":"https:\/\/blogdorogeriogomes.com.br\/noticias\/wp-json\/wp\/v2\/posts\/22471","targetHints":{"allow":["GET"]}}],"collection":[{"href":"https:\/\/blogdorogeriogomes.com.br\/noticias\/wp-json\/wp\/v2\/posts"}],"about":[{"href":"https:\/\/blogdorogeriogomes.com.br\/noticias\/wp-json\/wp\/v2\/types\/post"}],"author":[{"embeddable":true,"href":"https:\/\/blogdorogeriogomes.com.br\/noticias\/wp-json\/wp\/v2\/users\/1"}],"replies":[{"embeddable":true,"href":"https:\/\/blogdorogeriogomes.com.br\/noticias\/wp-json\/wp\/v2\/comments?post=22471"}],"version-history":[{"count":2,"href":"https:\/\/blogdorogeriogomes.com.br\/noticias\/wp-json\/wp\/v2\/posts\/22471\/revisions"}],"predecessor-version":[{"id":22474,"href":"https:\/\/blogdorogeriogomes.com.br\/noticias\/wp-json\/wp\/v2\/posts\/22471\/revisions\/22474"}],"wp:featuredmedia":[{"embeddable":true,"href":"https:\/\/blogdorogeriogomes.com.br\/noticias\/wp-json\/wp\/v2\/media\/22472"}],"wp:attachment":[{"href":"https:\/\/blogdorogeriogomes.com.br\/noticias\/wp-json\/wp\/v2\/media?parent=22471"}],"wp:term":[{"taxonomy":"category","embeddable":true,"href":"https:\/\/blogdorogeriogomes.com.br\/noticias\/wp-json\/wp\/v2\/categories?post=22471"},{"taxonomy":"post_tag","embeddable":true,"href":"https:\/\/blogdorogeriogomes.com.br\/noticias\/wp-json\/wp\/v2\/tags?post=22471"}],"curies":[{"name":"wp","href":"https:\/\/api.w.org\/{rel}","templated":true}]}}