{"id":22477,"date":"2021-08-24T19:21:10","date_gmt":"2021-08-24T19:21:10","guid":{"rendered":"https:\/\/blogdorogeriogomes.com.br\/?p=22477"},"modified":"2021-08-25T08:57:46","modified_gmt":"2021-08-25T08:57:46","slug":"camilo-santana-anuncia-vale-gas-como-politica-publica-e-acusa-bolsonaro-de-mentir-sobre-alta-dos-combustiveis","status":"publish","type":"post","link":"https:\/\/blogdorogeriogomes.com.br\/noticias\/2021\/08\/camilo-santana-anuncia-vale-gas-como-politica-publica-e-acusa-bolsonaro-de-mentir-sobre-alta-dos-combustiveis\/","title":{"rendered":"Camilo Santana anuncia vale g\u00e1s como pol\u00edtica p\u00fablica e acusa Bolsonaro de mentir sobre alta dos combust\u00edveis"},"content":{"rendered":"\n<p>O governador do Cear\u00e1, Camilo Santana, envia na tarde desta ter\u00e7a-feira, dia 24 de agosto, para a Assembleia Legislativa o projeto de lei que viabiliza a implementa\u00e7\u00e3o permanente do vale g\u00e1s no Cear\u00e1. A medida de apoio social de car\u00e1ter emergencial implementada durante a pandemia da Covid-19, agora ser\u00e1 pol\u00edtica p\u00fablica. A a\u00e7\u00e3o realizou entrega gratuita de 250 mil botij\u00f5es de g\u00e1s em cada semestre de 2020.<\/p>\n\n\n\n<p>De acordo com Camilo Santana, com o projeto, a ideia \u00e9 fornecer&nbsp;tr\u00eas botij\u00f5es de 13kg&nbsp;do g\u00e1s de cozinha, por ano para&nbsp;fam\u00edlias de baixa renda&nbsp;e em situa\u00e7\u00e3o de vulnerabilidade econ\u00f4mica.&nbsp;<\/p>\n\n\n\n<p>Nesta ter\u00e7a-feira, o governador cearense tamb\u00e9m acusou o presidente Jair Bolsonaro de mentir sobre o alto pre\u00e7o dos combust\u00edveis no Pa\u00eds, quando tenta transferir a culpa dos aumentos para os estados. &#8220;Quem saiu todo dia na TV anunciando aumento? \u00c9 a Petrobras. O presidente se rendeu ao mercado internacional, dolarizou a Petrobras e para qu\u00ea? Temos petr\u00f3leo produzido aqui, nossa moeda \u00e9 o real, mas nesse governo o d\u00f3lar saiu de R$ 2 e pouco para R$ 5. Isso \u00e9 um absurdo&#8221;. Camilo ainda acrescentou: &#8220;a culpa \u00e9 \u00fanica e exclusivamente da Petrobras e do Governo Federal&#8221;.<\/p>\n\n\n\n<figure class=\"wp-block-image size-large\"><img loading=\"lazy\" decoding=\"async\" width=\"678\" height=\"452\" src=\"https:\/\/blogdorogeriogomes.com.br\/wp-content\/uploads\/2021\/08\/images-15.jpeg\" alt=\"\" class=\"wp-image-22478\" srcset=\"https:\/\/blogdorogeriogomes.com.br\/noticias\/wp-content\/uploads\/2021\/08\/images-15.jpeg 678w, https:\/\/blogdorogeriogomes.com.br\/noticias\/wp-content\/uploads\/2021\/08\/images-15-300x200.jpeg 300w\" sizes=\"auto, (max-width: 678px) 100vw, 678px\" \/><\/figure>\n","protected":false},"excerpt":{"rendered":"<p>O governador do Cear\u00e1, Camilo Santana, envia na tarde desta ter\u00e7a-feira, dia 24 de agosto, para a Assembleia Legislativa o projeto de lei que viabiliza a implementa\u00e7\u00e3o permanente do vale g\u00e1s no Cear\u00e1. A medida de apoio social de car\u00e1ter emergencial implementada durante a pandemia da Covid-19, agora ser\u00e1 pol\u00edtica p\u00fablica. A a\u00e7\u00e3o realizou entrega gratuita de 250 mil botij\u00f5es de g\u00e1s em cada semestre de 2020. De acordo com Camilo Santana, com o projeto, a ideia \u00e9 fornecer&nbsp;tr\u00eas&hellip;<\/p>\n","protected":false},"author":1,"featured_media":22478,"comment_status":"open","ping_status":"open","sticky":false,"template":"","format":"standard","meta":{"footnotes":""},"categories":[1],"tags":[],"class_list":["post-22477","post","type-post","status-publish","format-standard","has-post-thumbnail","hentry","category-noticias"],"_links":{"self":[{"href":"https:\/\/blogdorogeriogomes.com.br\/noticias\/wp-json\/wp\/v2\/posts\/22477","targetHints":{"allow":["GET"]}}],"collection":[{"href":"https:\/\/blogdorogeriogomes.com.br\/noticias\/wp-json\/wp\/v2\/posts"}],"about":[{"href":"https:\/\/blogdorogeriogomes.com.br\/noticias\/wp-json\/wp\/v2\/types\/post"}],"author":[{"embeddable":true,"href":"https:\/\/blogdorogeriogomes.com.br\/noticias\/wp-json\/wp\/v2\/users\/1"}],"replies":[{"embeddable":true,"href":"https:\/\/blogdorogeriogomes.com.br\/noticias\/wp-json\/wp\/v2\/comments?post=22477"}],"version-history":[{"count":2,"href":"https:\/\/blogdorogeriogomes.com.br\/noticias\/wp-json\/wp\/v2\/posts\/22477\/revisions"}],"predecessor-version":[{"id":22485,"href":"https:\/\/blogdorogeriogomes.com.br\/noticias\/wp-json\/wp\/v2\/posts\/22477\/revisions\/22485"}],"wp:featuredmedia":[{"embeddable":true,"href":"https:\/\/blogdorogeriogomes.com.br\/noticias\/wp-json\/wp\/v2\/media\/22478"}],"wp:attachment":[{"href":"https:\/\/blogdorogeriogomes.com.br\/noticias\/wp-json\/wp\/v2\/media?parent=22477"}],"wp:term":[{"taxonomy":"category","embeddable":true,"href":"https:\/\/blogdorogeriogomes.com.br\/noticias\/wp-json\/wp\/v2\/categories?post=22477"},{"taxonomy":"post_tag","embeddable":true,"href":"https:\/\/blogdorogeriogomes.com.br\/noticias\/wp-json\/wp\/v2\/tags?post=22477"}],"curies":[{"name":"wp","href":"https:\/\/api.w.org\/{rel}","templated":true}]}}