{"id":22482,"date":"2021-08-25T00:16:11","date_gmt":"2021-08-25T00:16:11","guid":{"rendered":"https:\/\/blogdorogeriogomes.com.br\/?p=22482"},"modified":"2021-08-25T08:58:27","modified_gmt":"2021-08-25T08:58:27","slug":"senado-federal-reconduz-augusto-aras-para-mais-dois-anos-a-frente-da-pgr","status":"publish","type":"post","link":"https:\/\/blogdorogeriogomes.com.br\/noticias\/2021\/08\/senado-federal-reconduz-augusto-aras-para-mais-dois-anos-a-frente-da-pgr\/","title":{"rendered":"Senado Federal reconduz Augusto Aras para mais dois anos \u00e0 frente da PGR"},"content":{"rendered":"\n<p>O Plen\u00e1rio do Senado Federal aprovou a continuidade do procurador-geral da Rep\u00fablica, Augusto Aras, por mais dois anos no cargo. O placar foi de 55 a 10. Aras j\u00e1 havia conseguido a aprova\u00e7\u00e3o na Comiss\u00e3o de Constitui\u00e7\u00e3o e Justi\u00e7a (CCJ) ap\u00f3s ter sido sabatinado por seus membros.<\/p>\n\n\n\n<p>Augusto Aras vem sofrendo press\u00f5es crescentes para agir diante dos ataques do presidente Jair Bolsonaro ao sistema eleitoral. Aras tem sido cobrado por parlamentares e subprocuradores por omiss\u00e3o nos ataques de Bolsonaro contra o STF, al\u00e9m das repetidas aglomera\u00e7\u00f5es promovidas pelo presidente sem o uso de m\u00e1scaras de prote\u00e7\u00e3o contra a Covid-19.<\/p>\n\n\n\n<p>Na sabatina, Aras fez cr\u00edticas aos trabalhos da Opera\u00e7\u00e3o Lava Jato, que segundo ele, cometeu excessos e irregularidades jur\u00eddicas nos processos. O procurador geral tamb\u00e9m reconheceu que houve amea\u00e7as a ministros do STF n\u00f3s casos das pris\u00f5es do deputado federal\u00a0Daniel Silveira (PSL-RJ)\u00a0e do presidente nacional do PTB e ex-deputado federal Roberto Jefferson.<div><div><br><\/div><\/div><\/p>\n\n\n\n<figure class=\"wp-block-image size-large\"><img loading=\"lazy\" decoding=\"async\" width=\"600\" height=\"400\" src=\"https:\/\/blogdorogeriogomes.com.br\/wp-content\/uploads\/2021\/08\/images-16.jpeg\" alt=\"\" class=\"wp-image-22483\" srcset=\"https:\/\/blogdorogeriogomes.com.br\/noticias\/wp-content\/uploads\/2021\/08\/images-16.jpeg 600w, https:\/\/blogdorogeriogomes.com.br\/noticias\/wp-content\/uploads\/2021\/08\/images-16-300x200.jpeg 300w\" sizes=\"auto, (max-width: 600px) 100vw, 600px\" \/><\/figure>\n","protected":false},"excerpt":{"rendered":"<p>O Plen\u00e1rio do Senado Federal aprovou a continuidade do procurador-geral da Rep\u00fablica, Augusto Aras, por mais dois anos no cargo. O placar foi de 55 a 10. Aras j\u00e1 havia conseguido a aprova\u00e7\u00e3o na Comiss\u00e3o de Constitui\u00e7\u00e3o e Justi\u00e7a (CCJ) ap\u00f3s ter sido sabatinado por seus membros. Augusto Aras vem sofrendo press\u00f5es crescentes para agir diante dos ataques do presidente Jair Bolsonaro ao sistema eleitoral. Aras tem sido cobrado por parlamentares e subprocuradores por omiss\u00e3o nos ataques de Bolsonaro&hellip;<\/p>\n","protected":false},"author":1,"featured_media":22483,"comment_status":"open","ping_status":"open","sticky":false,"template":"","format":"standard","meta":{"footnotes":""},"categories":[1],"tags":[],"class_list":["post-22482","post","type-post","status-publish","format-standard","has-post-thumbnail","hentry","category-noticias"],"_links":{"self":[{"href":"https:\/\/blogdorogeriogomes.com.br\/noticias\/wp-json\/wp\/v2\/posts\/22482","targetHints":{"allow":["GET"]}}],"collection":[{"href":"https:\/\/blogdorogeriogomes.com.br\/noticias\/wp-json\/wp\/v2\/posts"}],"about":[{"href":"https:\/\/blogdorogeriogomes.com.br\/noticias\/wp-json\/wp\/v2\/types\/post"}],"author":[{"embeddable":true,"href":"https:\/\/blogdorogeriogomes.com.br\/noticias\/wp-json\/wp\/v2\/users\/1"}],"replies":[{"embeddable":true,"href":"https:\/\/blogdorogeriogomes.com.br\/noticias\/wp-json\/wp\/v2\/comments?post=22482"}],"version-history":[{"count":1,"href":"https:\/\/blogdorogeriogomes.com.br\/noticias\/wp-json\/wp\/v2\/posts\/22482\/revisions"}],"predecessor-version":[{"id":22484,"href":"https:\/\/blogdorogeriogomes.com.br\/noticias\/wp-json\/wp\/v2\/posts\/22482\/revisions\/22484"}],"wp:featuredmedia":[{"embeddable":true,"href":"https:\/\/blogdorogeriogomes.com.br\/noticias\/wp-json\/wp\/v2\/media\/22483"}],"wp:attachment":[{"href":"https:\/\/blogdorogeriogomes.com.br\/noticias\/wp-json\/wp\/v2\/media?parent=22482"}],"wp:term":[{"taxonomy":"category","embeddable":true,"href":"https:\/\/blogdorogeriogomes.com.br\/noticias\/wp-json\/wp\/v2\/categories?post=22482"},{"taxonomy":"post_tag","embeddable":true,"href":"https:\/\/blogdorogeriogomes.com.br\/noticias\/wp-json\/wp\/v2\/tags?post=22482"}],"curies":[{"name":"wp","href":"https:\/\/api.w.org\/{rel}","templated":true}]}}