{"id":22486,"date":"2021-08-25T09:59:36","date_gmt":"2021-08-25T09:59:36","guid":{"rendered":"https:\/\/blogdorogeriogomes.com.br\/?p=22486"},"modified":"2021-08-26T11:08:50","modified_gmt":"2021-08-26T11:08:50","slug":"levantamento-da-sesa-mostra-que-24-da-populacao-cearense-ja-foram-totalmente-imunizados-contra-a-covid-19","status":"publish","type":"post","link":"https:\/\/blogdorogeriogomes.com.br\/noticias\/2021\/08\/levantamento-da-sesa-mostra-que-24-da-populacao-cearense-ja-foram-totalmente-imunizados-contra-a-covid-19\/","title":{"rendered":"Levantamento da Sesa mostra que 24% da popula\u00e7\u00e3o cearense j\u00e1 foram totalmente imunizados contra a Covid-19"},"content":{"rendered":"\n<p>A plataforma Vacin\u00f4metro, da Secretaria da Sa\u00fade do Cear\u00e1 (Sesa), aponta que cerca de 24% da popula\u00e7\u00e3o cearense em idade adulta j\u00e1 foram imunizados totalmente contra a Covid-19. Ou seja, tomaram as duas doses ou a dose \u00fanica da Janssen. S\u00e3o 2 milh\u00f5es e 200 mil pessoas que completaram o ciclo de vacina\u00e7\u00e3o. <\/p>\n\n\n\n<p>Levando em conta s\u00f3 a primeira dose, 4 milh\u00f5es e 900 mil pessoas receberam a vacina contra o coronav\u00edrus, contabilizando&nbsp;53,87%&nbsp;da popula\u00e7\u00e3o do Estado.&nbsp;<\/p>\n\n\n\n<p>Para receber a vacina, as pessoas devem estar devidamente cadastradas na plataforma Sa\u00fade Digital da Sesa. A expectativa, ainda nesta semana, \u00e9 pelo in\u00edcio da imuniza\u00e7\u00e3o de adolescentes na faixa et\u00e1ria entre 12 e 17 anos, que receber\u00e3o a vacina da Pfizer.<\/p>\n\n\n\n<figure class=\"wp-block-image size-large\"><img loading=\"lazy\" decoding=\"async\" width=\"739\" height=\"415\" src=\"https:\/\/blogdorogeriogomes.com.br\/wp-content\/uploads\/2021\/08\/images-17.jpeg\" alt=\"\" class=\"wp-image-22487\" srcset=\"https:\/\/blogdorogeriogomes.com.br\/noticias\/wp-content\/uploads\/2021\/08\/images-17.jpeg 739w, https:\/\/blogdorogeriogomes.com.br\/noticias\/wp-content\/uploads\/2021\/08\/images-17-300x168.jpeg 300w\" sizes=\"auto, (max-width: 739px) 100vw, 739px\" \/><\/figure>\n","protected":false},"excerpt":{"rendered":"<p>A plataforma Vacin\u00f4metro, da Secretaria da Sa\u00fade do Cear\u00e1 (Sesa), aponta que cerca de 24% da popula\u00e7\u00e3o cearense em idade adulta j\u00e1 foram imunizados totalmente contra a Covid-19. Ou seja, tomaram as duas doses ou a dose \u00fanica da Janssen. S\u00e3o 2 milh\u00f5es e 200 mil pessoas que completaram o ciclo de vacina\u00e7\u00e3o. Levando em conta s\u00f3 a primeira dose, 4 milh\u00f5es e 900 mil pessoas receberam a vacina contra o coronav\u00edrus, contabilizando&nbsp;53,87%&nbsp;da popula\u00e7\u00e3o do Estado.&nbsp; Para receber a&hellip;<\/p>\n","protected":false},"author":1,"featured_media":22487,"comment_status":"open","ping_status":"open","sticky":false,"template":"","format":"standard","meta":{"footnotes":""},"categories":[1],"tags":[],"class_list":["post-22486","post","type-post","status-publish","format-standard","has-post-thumbnail","hentry","category-noticias"],"_links":{"self":[{"href":"https:\/\/blogdorogeriogomes.com.br\/noticias\/wp-json\/wp\/v2\/posts\/22486","targetHints":{"allow":["GET"]}}],"collection":[{"href":"https:\/\/blogdorogeriogomes.com.br\/noticias\/wp-json\/wp\/v2\/posts"}],"about":[{"href":"https:\/\/blogdorogeriogomes.com.br\/noticias\/wp-json\/wp\/v2\/types\/post"}],"author":[{"embeddable":true,"href":"https:\/\/blogdorogeriogomes.com.br\/noticias\/wp-json\/wp\/v2\/users\/1"}],"replies":[{"embeddable":true,"href":"https:\/\/blogdorogeriogomes.com.br\/noticias\/wp-json\/wp\/v2\/comments?post=22486"}],"version-history":[{"count":2,"href":"https:\/\/blogdorogeriogomes.com.br\/noticias\/wp-json\/wp\/v2\/posts\/22486\/revisions"}],"predecessor-version":[{"id":22509,"href":"https:\/\/blogdorogeriogomes.com.br\/noticias\/wp-json\/wp\/v2\/posts\/22486\/revisions\/22509"}],"wp:featuredmedia":[{"embeddable":true,"href":"https:\/\/blogdorogeriogomes.com.br\/noticias\/wp-json\/wp\/v2\/media\/22487"}],"wp:attachment":[{"href":"https:\/\/blogdorogeriogomes.com.br\/noticias\/wp-json\/wp\/v2\/media?parent=22486"}],"wp:term":[{"taxonomy":"category","embeddable":true,"href":"https:\/\/blogdorogeriogomes.com.br\/noticias\/wp-json\/wp\/v2\/categories?post=22486"},{"taxonomy":"post_tag","embeddable":true,"href":"https:\/\/blogdorogeriogomes.com.br\/noticias\/wp-json\/wp\/v2\/tags?post=22486"}],"curies":[{"name":"wp","href":"https:\/\/api.w.org\/{rel}","templated":true}]}}