{"id":22489,"date":"2021-08-25T10:21:29","date_gmt":"2021-08-25T10:21:29","guid":{"rendered":"https:\/\/blogdorogeriogomes.com.br\/?p=22489"},"modified":"2021-08-26T11:09:27","modified_gmt":"2021-08-26T11:09:27","slug":"deputado-andre-fernandes-faz-acordo-com-ministerio-publico-e-vai-pagar-multa-por-acusacao-de-nepotismo-na-al","status":"publish","type":"post","link":"https:\/\/blogdorogeriogomes.com.br\/noticias\/2021\/08\/deputado-andre-fernandes-faz-acordo-com-ministerio-publico-e-vai-pagar-multa-por-acusacao-de-nepotismo-na-al\/","title":{"rendered":"Deputado Andr\u00e9 Fernandes faz acordo com Minist\u00e9rio P\u00fablico e vai pagar multa por acusa\u00e7\u00e3o de nepotismo na AL"},"content":{"rendered":"\n<p>O deputado estadual Andr\u00e9 Fernandes&nbsp;(Republicanos), aliado e defensor do presidente Jair Bolsonaro, fez um acordo com o Minist\u00e9rio P\u00fablico Estadual em a\u00e7\u00e3o por suposta pr\u00e1tica de nepotismo na Assembleia Legislativa do Cear\u00e1. Ele vai pagar uma multa de R$ 1 mil. O acordo foi homologado pelo juiz da 12\u00aa Vara da Fazenda P\u00fablica da Comarca de Fortaleza, Joaquim Vieira Cavalcante Neto, a pedido da defesa do parlamentar.<\/p>\n\n\n\n<p>Andr\u00e9 Fernandes foi acusado de nomear um cunhado e um tio como assessores parlamentares no seu gabinete na Assembleia Legislativa. Os familiares ocuparam os cargos de fevereiro de 2019 at\u00e9 o in\u00edcio deste ano. Ap\u00f3s a abertura da investiga\u00e7\u00e3o e do caso chegar \u00e0 imprensa, os dois parentes foram exonerados.&nbsp;<\/p>\n\n\n\n<figure class=\"wp-block-image size-large\"><img loading=\"lazy\" decoding=\"async\" width=\"678\" height=\"452\" src=\"https:\/\/blogdorogeriogomes.com.br\/wp-content\/uploads\/2021\/08\/images-18.jpeg\" alt=\"\" class=\"wp-image-22490\" srcset=\"https:\/\/blogdorogeriogomes.com.br\/noticias\/wp-content\/uploads\/2021\/08\/images-18.jpeg 678w, https:\/\/blogdorogeriogomes.com.br\/noticias\/wp-content\/uploads\/2021\/08\/images-18-300x200.jpeg 300w\" sizes=\"auto, (max-width: 678px) 100vw, 678px\" \/><\/figure>\n","protected":false},"excerpt":{"rendered":"<p>O deputado estadual Andr\u00e9 Fernandes&nbsp;(Republicanos), aliado e defensor do presidente Jair Bolsonaro, fez um acordo com o Minist\u00e9rio P\u00fablico Estadual em a\u00e7\u00e3o por suposta pr\u00e1tica de nepotismo na Assembleia Legislativa do Cear\u00e1. Ele vai pagar uma multa de R$ 1 mil. O acordo foi homologado pelo juiz da 12\u00aa Vara da Fazenda P\u00fablica da Comarca de Fortaleza, Joaquim Vieira Cavalcante Neto, a pedido da defesa do parlamentar. Andr\u00e9 Fernandes foi acusado de nomear um cunhado e um tio como&hellip;<\/p>\n","protected":false},"author":1,"featured_media":22490,"comment_status":"open","ping_status":"open","sticky":false,"template":"","format":"standard","meta":{"footnotes":""},"categories":[1],"tags":[],"class_list":["post-22489","post","type-post","status-publish","format-standard","has-post-thumbnail","hentry","category-noticias"],"_links":{"self":[{"href":"https:\/\/blogdorogeriogomes.com.br\/noticias\/wp-json\/wp\/v2\/posts\/22489","targetHints":{"allow":["GET"]}}],"collection":[{"href":"https:\/\/blogdorogeriogomes.com.br\/noticias\/wp-json\/wp\/v2\/posts"}],"about":[{"href":"https:\/\/blogdorogeriogomes.com.br\/noticias\/wp-json\/wp\/v2\/types\/post"}],"author":[{"embeddable":true,"href":"https:\/\/blogdorogeriogomes.com.br\/noticias\/wp-json\/wp\/v2\/users\/1"}],"replies":[{"embeddable":true,"href":"https:\/\/blogdorogeriogomes.com.br\/noticias\/wp-json\/wp\/v2\/comments?post=22489"}],"version-history":[{"count":2,"href":"https:\/\/blogdorogeriogomes.com.br\/noticias\/wp-json\/wp\/v2\/posts\/22489\/revisions"}],"predecessor-version":[{"id":22510,"href":"https:\/\/blogdorogeriogomes.com.br\/noticias\/wp-json\/wp\/v2\/posts\/22489\/revisions\/22510"}],"wp:featuredmedia":[{"embeddable":true,"href":"https:\/\/blogdorogeriogomes.com.br\/noticias\/wp-json\/wp\/v2\/media\/22490"}],"wp:attachment":[{"href":"https:\/\/blogdorogeriogomes.com.br\/noticias\/wp-json\/wp\/v2\/media?parent=22489"}],"wp:term":[{"taxonomy":"category","embeddable":true,"href":"https:\/\/blogdorogeriogomes.com.br\/noticias\/wp-json\/wp\/v2\/categories?post=22489"},{"taxonomy":"post_tag","embeddable":true,"href":"https:\/\/blogdorogeriogomes.com.br\/noticias\/wp-json\/wp\/v2\/tags?post=22489"}],"curies":[{"name":"wp","href":"https:\/\/api.w.org\/{rel}","templated":true}]}}