{"id":22492,"date":"2021-08-25T10:35:05","date_gmt":"2021-08-25T10:35:05","guid":{"rendered":"https:\/\/blogdorogeriogomes.com.br\/?p=22492"},"modified":"2021-08-26T11:09:16","modified_gmt":"2021-08-26T11:09:16","slug":"theatro-jose-de-alencar-promove-visita-espetacular-ate-o-fim-de-agosto","status":"publish","type":"post","link":"https:\/\/blogdorogeriogomes.com.br\/noticias\/2021\/08\/theatro-jose-de-alencar-promove-visita-espetacular-ate-o-fim-de-agosto\/","title":{"rendered":"Theatro Jos\u00e9 de Alencar promove &#8220;Visita Espetacular&#8221; at\u00e9 o fim de agosto"},"content":{"rendered":"\n<p>A 18\u00aa edi\u00e7\u00e3o do projeto cultural &#8220;Visita Espetacular&#8221; come\u00e7ou no \u00faltimo dia 10 e segue at\u00e9 o dia 31 de agosto, no Theatro Jos\u00e9 de Alencar, com atividades l\u00fadicas voltadas para escolas p\u00fablicas da capital e Regi\u00e3o Metropolitana.<\/p>\n\n\n\n<p>Com programa\u00e7\u00e3o din\u00e2mica envolvendo visita virtual guiada, encontros pedag\u00f3gicos, webin\u00e1rio, rodas de conversa, jogo interativo e audiobooks, o projeto cultural inicia nova temporada. Devido \u00e0 pandemia da Covid-19, o formato do projeto foi totalmente adaptado e acontece de forma on-line. Com sess\u00f5es programadas para acontecer pelo canal do YouTube do Instituto Teatro P\u00fablico, o Visita Espetacular atende estudantes e professores oriundos de escolas da rede p\u00fablica de ensino dos munic\u00edpios de Fortaleza, de Caucaia e de S\u00e3o Gon\u00e7alo do Amarante, que ter\u00e3o a oportunidade de conhecer as instala\u00e7\u00f5es e a hist\u00f3ria do TJA, por meio de passeio virtual inesquec\u00edvel.<\/p>\n\n\n\n<p>O percurso, que tradicionalmente acontece de modo presencial, desta vez ser\u00e1 conduzido por transmiss\u00e3o on-line, de forma l\u00fadica e contextualizada, pelos personagens Beto, Bia, Bento e Bel Alencar, pelos espa\u00e7os que integram o mais importante equipamento cultural do Cear\u00e1. As crian\u00e7as ter\u00e3o acesso virtual ao P\u00e1tio Nobre, ao Foyer, \u00e0 Torrinha e aos Camarotes, seguido de cenas que perpassam pela Plateia, pelo Palco Principal, pelo Por\u00e3o e pelo Jardim Burle Marx. Ao final de cada apresenta\u00e7\u00e3o do Visita, haver\u00e1 roda de conversa entre atores, estudantes e professores. Tudo isso para possibilitar a frui\u00e7\u00e3o e a\u00e7\u00f5es multidisciplinares, bem como fomentar a forma\u00e7\u00e3o de plateia do p\u00fablico infanto-juvenil.<\/p>\n\n\n\n<figure class=\"wp-block-image size-large\"><img loading=\"lazy\" decoding=\"async\" width=\"1024\" height=\"556\" src=\"https:\/\/blogdorogeriogomes.com.br\/wp-content\/uploads\/2021\/08\/IMG-20210823-WA0040-1024x556.jpg\" alt=\"\" class=\"wp-image-22493\" srcset=\"https:\/\/blogdorogeriogomes.com.br\/noticias\/wp-content\/uploads\/2021\/08\/IMG-20210823-WA0040-1024x556.jpg 1024w, https:\/\/blogdorogeriogomes.com.br\/noticias\/wp-content\/uploads\/2021\/08\/IMG-20210823-WA0040-300x163.jpg 300w, https:\/\/blogdorogeriogomes.com.br\/noticias\/wp-content\/uploads\/2021\/08\/IMG-20210823-WA0040-768x417.jpg 768w, https:\/\/blogdorogeriogomes.com.br\/noticias\/wp-content\/uploads\/2021\/08\/IMG-20210823-WA0040-800x434.jpg 800w, https:\/\/blogdorogeriogomes.com.br\/noticias\/wp-content\/uploads\/2021\/08\/IMG-20210823-WA0040.jpg 1280w\" sizes=\"auto, (max-width: 1024px) 100vw, 1024px\" \/><\/figure>\n\n\n\n<p><\/p>\n\n\n\n<p><\/p>\n\n\n\n<p><\/p>\n\n\n\n<p><\/p>\n\n\n\n<p><\/p>\n\n\n\n<p><\/p>\n\n\n\n<p><\/p>\n\n\n\n<p><\/p>\n\n\n\n<p><\/p>\n\n\n\n<p><\/p>\n\n\n\n<p><\/p>\n\n\n\n<p><\/p>\n\n\n\n<p><\/p>\n\n\n\n<p><\/p>\n\n\n\n<p><\/p>\n\n\n\n<p><\/p>\n\n\n\n<p><\/p>\n","protected":false},"excerpt":{"rendered":"<p>A 18\u00aa edi\u00e7\u00e3o do projeto cultural &#8220;Visita Espetacular&#8221; come\u00e7ou no \u00faltimo dia 10 e segue at\u00e9 o dia 31 de agosto, no Theatro Jos\u00e9 de Alencar, com atividades l\u00fadicas voltadas para escolas p\u00fablicas da capital e Regi\u00e3o Metropolitana. Com programa\u00e7\u00e3o din\u00e2mica envolvendo visita virtual guiada, encontros pedag\u00f3gicos, webin\u00e1rio, rodas de conversa, jogo interativo e audiobooks, o projeto cultural inicia nova temporada. Devido \u00e0 pandemia da Covid-19, o formato do projeto foi totalmente adaptado e acontece de forma on-line. Com&hellip;<\/p>\n","protected":false},"author":1,"featured_media":22493,"comment_status":"open","ping_status":"open","sticky":false,"template":"","format":"standard","meta":{"footnotes":""},"categories":[1],"tags":[],"class_list":["post-22492","post","type-post","status-publish","format-standard","has-post-thumbnail","hentry","category-noticias"],"_links":{"self":[{"href":"https:\/\/blogdorogeriogomes.com.br\/noticias\/wp-json\/wp\/v2\/posts\/22492","targetHints":{"allow":["GET"]}}],"collection":[{"href":"https:\/\/blogdorogeriogomes.com.br\/noticias\/wp-json\/wp\/v2\/posts"}],"about":[{"href":"https:\/\/blogdorogeriogomes.com.br\/noticias\/wp-json\/wp\/v2\/types\/post"}],"author":[{"embeddable":true,"href":"https:\/\/blogdorogeriogomes.com.br\/noticias\/wp-json\/wp\/v2\/users\/1"}],"replies":[{"embeddable":true,"href":"https:\/\/blogdorogeriogomes.com.br\/noticias\/wp-json\/wp\/v2\/comments?post=22492"}],"version-history":[{"count":1,"href":"https:\/\/blogdorogeriogomes.com.br\/noticias\/wp-json\/wp\/v2\/posts\/22492\/revisions"}],"predecessor-version":[{"id":22494,"href":"https:\/\/blogdorogeriogomes.com.br\/noticias\/wp-json\/wp\/v2\/posts\/22492\/revisions\/22494"}],"wp:featuredmedia":[{"embeddable":true,"href":"https:\/\/blogdorogeriogomes.com.br\/noticias\/wp-json\/wp\/v2\/media\/22493"}],"wp:attachment":[{"href":"https:\/\/blogdorogeriogomes.com.br\/noticias\/wp-json\/wp\/v2\/media?parent=22492"}],"wp:term":[{"taxonomy":"category","embeddable":true,"href":"https:\/\/blogdorogeriogomes.com.br\/noticias\/wp-json\/wp\/v2\/categories?post=22492"},{"taxonomy":"post_tag","embeddable":true,"href":"https:\/\/blogdorogeriogomes.com.br\/noticias\/wp-json\/wp\/v2\/tags?post=22492"}],"curies":[{"name":"wp","href":"https:\/\/api.w.org\/{rel}","templated":true}]}}