{"id":22495,"date":"2021-08-25T19:03:15","date_gmt":"2021-08-25T19:03:15","guid":{"rendered":"https:\/\/blogdorogeriogomes.com.br\/?p=22495"},"modified":"2021-08-26T11:09:39","modified_gmt":"2021-08-26T11:09:39","slug":"al-define-deputados-que-vao-compor-a-cpi-que-pretende-apurar-repasses-de-associacoes-militares-no-motim-de-2020","status":"publish","type":"post","link":"https:\/\/blogdorogeriogomes.com.br\/noticias\/2021\/08\/al-define-deputados-que-vao-compor-a-cpi-que-pretende-apurar-repasses-de-associacoes-militares-no-motim-de-2020\/","title":{"rendered":"AL define deputados que v\u00e3o compor a CPI que pretende apurar repasses de Associa\u00e7\u00f5es Militares no motim de 2020"},"content":{"rendered":"\n<p>A Assembleia Legislativa do Cear\u00e1 definiu os nomes dos deputados estaduais que v\u00e3o compor a CPI instalada para apurar poss\u00edveis repasses financeiros de Associa\u00e7\u00f5es Militares no motim da Pol\u00edcia Militar, ocorrido no Cear\u00e1 no in\u00edcio de 2020. O pedido para a cria\u00e7\u00e3o da CPI foi protocolado pelo deputado estadual Romeu Aldigueri (PDT).<\/p>\n\n\n\n<p>A bancada de oposi\u00e7\u00e3o indicou dois deputados para formar a Comiss\u00e3o Parlamentar de Inqu\u00e9rito, enquanto a base aliada do Governo indicou 16 deputados. Os trabalhos da CPI ter\u00e3o um prazo de 120 dias para realizar as investiga\u00e7\u00f5es.&nbsp;<\/p>\n\n\n\n<p>Os membros titulares da CPI s\u00e3o Soldado Noelio (PROS), Davi de Raimund\u00e3o (MDB), Romeu Aldigueri (PDT), Salmito Filho (PDT), Queiroz Filho (PDT), Augusta Brito (PCdoB), Nizo Costa (PSB), Elmano Freitas (PT) e Marcos Sobreira (PDT).<\/p>\n\n\n\n<figure class=\"wp-block-image size-large\"><img loading=\"lazy\" decoding=\"async\" width=\"739\" height=\"415\" src=\"https:\/\/blogdorogeriogomes.com.br\/wp-content\/uploads\/2021\/08\/images-19.jpeg\" alt=\"\" class=\"wp-image-22496\" srcset=\"https:\/\/blogdorogeriogomes.com.br\/noticias\/wp-content\/uploads\/2021\/08\/images-19.jpeg 739w, https:\/\/blogdorogeriogomes.com.br\/noticias\/wp-content\/uploads\/2021\/08\/images-19-300x168.jpeg 300w\" sizes=\"auto, (max-width: 739px) 100vw, 739px\" \/><\/figure>\n","protected":false},"excerpt":{"rendered":"<p>A Assembleia Legislativa do Cear\u00e1 definiu os nomes dos deputados estaduais que v\u00e3o compor a CPI instalada para apurar poss\u00edveis repasses financeiros de Associa\u00e7\u00f5es Militares no motim da Pol\u00edcia Militar, ocorrido no Cear\u00e1 no in\u00edcio de 2020. O pedido para a cria\u00e7\u00e3o da CPI foi protocolado pelo deputado estadual Romeu Aldigueri (PDT). A bancada de oposi\u00e7\u00e3o indicou dois deputados para formar a Comiss\u00e3o Parlamentar de Inqu\u00e9rito, enquanto a base aliada do Governo indicou 16 deputados. Os trabalhos da CPI&hellip;<\/p>\n","protected":false},"author":1,"featured_media":22496,"comment_status":"open","ping_status":"open","sticky":false,"template":"","format":"standard","meta":{"footnotes":""},"categories":[1],"tags":[],"class_list":["post-22495","post","type-post","status-publish","format-standard","has-post-thumbnail","hentry","category-noticias"],"_links":{"self":[{"href":"https:\/\/blogdorogeriogomes.com.br\/noticias\/wp-json\/wp\/v2\/posts\/22495","targetHints":{"allow":["GET"]}}],"collection":[{"href":"https:\/\/blogdorogeriogomes.com.br\/noticias\/wp-json\/wp\/v2\/posts"}],"about":[{"href":"https:\/\/blogdorogeriogomes.com.br\/noticias\/wp-json\/wp\/v2\/types\/post"}],"author":[{"embeddable":true,"href":"https:\/\/blogdorogeriogomes.com.br\/noticias\/wp-json\/wp\/v2\/users\/1"}],"replies":[{"embeddable":true,"href":"https:\/\/blogdorogeriogomes.com.br\/noticias\/wp-json\/wp\/v2\/comments?post=22495"}],"version-history":[{"count":2,"href":"https:\/\/blogdorogeriogomes.com.br\/noticias\/wp-json\/wp\/v2\/posts\/22495\/revisions"}],"predecessor-version":[{"id":22511,"href":"https:\/\/blogdorogeriogomes.com.br\/noticias\/wp-json\/wp\/v2\/posts\/22495\/revisions\/22511"}],"wp:featuredmedia":[{"embeddable":true,"href":"https:\/\/blogdorogeriogomes.com.br\/noticias\/wp-json\/wp\/v2\/media\/22496"}],"wp:attachment":[{"href":"https:\/\/blogdorogeriogomes.com.br\/noticias\/wp-json\/wp\/v2\/media?parent=22495"}],"wp:term":[{"taxonomy":"category","embeddable":true,"href":"https:\/\/blogdorogeriogomes.com.br\/noticias\/wp-json\/wp\/v2\/categories?post=22495"},{"taxonomy":"post_tag","embeddable":true,"href":"https:\/\/blogdorogeriogomes.com.br\/noticias\/wp-json\/wp\/v2\/tags?post=22495"}],"curies":[{"name":"wp","href":"https:\/\/api.w.org\/{rel}","templated":true}]}}