{"id":22498,"date":"2021-08-25T22:26:05","date_gmt":"2021-08-25T22:26:05","guid":{"rendered":"https:\/\/blogdorogeriogomes.com.br\/?p=22498"},"modified":"2021-08-26T11:09:50","modified_gmt":"2021-08-26T11:09:50","slug":"rodrigo-pacheco-rejeita-pedido-de-impeachment-feito-por-bolsonaro-contra-o-ministro-alexandre-de-moraes","status":"publish","type":"post","link":"https:\/\/blogdorogeriogomes.com.br\/noticias\/2021\/08\/rodrigo-pacheco-rejeita-pedido-de-impeachment-feito-por-bolsonaro-contra-o-ministro-alexandre-de-moraes\/","title":{"rendered":"Rodrigo Pacheco rejeita pedido de impeachment feito por Bolsonaro contra o ministro Alexandre de Moraes"},"content":{"rendered":"\n<p>Como j\u00e1 era esperado, o presidente do Senado, Rodrigo Pacheco, se antecipou e rejeitou o pedido de impeachment feito pelo presidente da Rep\u00fablica, Jair Bolsonaro, contra o ministro do STF, Alexandre de Moraes. Pacheco recebeu nesta quarta-feira, dia 25 de agosto, parecer da Advocacia-Geral do Senado considerando o pedido improcedente. &#8220;N\u00e3o h\u00e1 justa causa&#8221; para acolhimento do pedido contra o ministro do STF, diz o parecer da \u00e1rea jur\u00eddica.<\/p>\n\n\n\n<p>A a\u00e7\u00e3o de Bolsonaro contra Alexandre de Moraes, que apura a pr\u00e1tica de fake news e de movimentos antidemocraticos por aliados do presidente, causou desconforto at\u00e9 mesmo em l\u00edderes do Governo no Congresso Nacional, que tentaram demover Bolsonaro da ideia, mas sem sucesso.<\/p>\n\n\n\n<p>Sem apoio no Congresso para investir contra os ministros do STF, Jair Bolsonaro continua apelando para os apoiadores ganharem as ruas no dia 7 de setembro e protestarem contra STF e Congresso, em Bras\u00edlia. A aposta \u00e9 no confronto. Legislativo e Judici\u00e1rio est\u00e3o pagando pra ver.<\/p>\n\n\n\n<figure class=\"wp-block-image size-large\"><img loading=\"lazy\" decoding=\"async\" width=\"678\" height=\"452\" src=\"https:\/\/blogdorogeriogomes.com.br\/wp-content\/uploads\/2021\/08\/images-20.jpeg\" alt=\"\" class=\"wp-image-22499\" srcset=\"https:\/\/blogdorogeriogomes.com.br\/noticias\/wp-content\/uploads\/2021\/08\/images-20.jpeg 678w, https:\/\/blogdorogeriogomes.com.br\/noticias\/wp-content\/uploads\/2021\/08\/images-20-300x200.jpeg 300w\" sizes=\"auto, (max-width: 678px) 100vw, 678px\" \/><\/figure>\n","protected":false},"excerpt":{"rendered":"<p>Como j\u00e1 era esperado, o presidente do Senado, Rodrigo Pacheco, se antecipou e rejeitou o pedido de impeachment feito pelo presidente da Rep\u00fablica, Jair Bolsonaro, contra o ministro do STF, Alexandre de Moraes. Pacheco recebeu nesta quarta-feira, dia 25 de agosto, parecer da Advocacia-Geral do Senado considerando o pedido improcedente. &#8220;N\u00e3o h\u00e1 justa causa&#8221; para acolhimento do pedido contra o ministro do STF, diz o parecer da \u00e1rea jur\u00eddica. A a\u00e7\u00e3o de Bolsonaro contra Alexandre de Moraes, que apura&hellip;<\/p>\n","protected":false},"author":1,"featured_media":22499,"comment_status":"open","ping_status":"open","sticky":false,"template":"","format":"standard","meta":{"footnotes":""},"categories":[1],"tags":[],"class_list":["post-22498","post","type-post","status-publish","format-standard","has-post-thumbnail","hentry","category-noticias"],"_links":{"self":[{"href":"https:\/\/blogdorogeriogomes.com.br\/noticias\/wp-json\/wp\/v2\/posts\/22498","targetHints":{"allow":["GET"]}}],"collection":[{"href":"https:\/\/blogdorogeriogomes.com.br\/noticias\/wp-json\/wp\/v2\/posts"}],"about":[{"href":"https:\/\/blogdorogeriogomes.com.br\/noticias\/wp-json\/wp\/v2\/types\/post"}],"author":[{"embeddable":true,"href":"https:\/\/blogdorogeriogomes.com.br\/noticias\/wp-json\/wp\/v2\/users\/1"}],"replies":[{"embeddable":true,"href":"https:\/\/blogdorogeriogomes.com.br\/noticias\/wp-json\/wp\/v2\/comments?post=22498"}],"version-history":[{"count":1,"href":"https:\/\/blogdorogeriogomes.com.br\/noticias\/wp-json\/wp\/v2\/posts\/22498\/revisions"}],"predecessor-version":[{"id":22500,"href":"https:\/\/blogdorogeriogomes.com.br\/noticias\/wp-json\/wp\/v2\/posts\/22498\/revisions\/22500"}],"wp:featuredmedia":[{"embeddable":true,"href":"https:\/\/blogdorogeriogomes.com.br\/noticias\/wp-json\/wp\/v2\/media\/22499"}],"wp:attachment":[{"href":"https:\/\/blogdorogeriogomes.com.br\/noticias\/wp-json\/wp\/v2\/media?parent=22498"}],"wp:term":[{"taxonomy":"category","embeddable":true,"href":"https:\/\/blogdorogeriogomes.com.br\/noticias\/wp-json\/wp\/v2\/categories?post=22498"},{"taxonomy":"post_tag","embeddable":true,"href":"https:\/\/blogdorogeriogomes.com.br\/noticias\/wp-json\/wp\/v2\/tags?post=22498"}],"curies":[{"name":"wp","href":"https:\/\/api.w.org\/{rel}","templated":true}]}}