{"id":22502,"date":"2021-08-26T10:10:25","date_gmt":"2021-08-26T10:10:25","guid":{"rendered":"https:\/\/blogdorogeriogomes.com.br\/?p=22502"},"modified":"2021-08-26T11:10:02","modified_gmt":"2021-08-26T11:10:02","slug":"fortaleza-inicia-vacinacao-de-jovens-de-12-a-17-anos-nesta-quinta-feira-ceara-recebe-mais-322-mil-doses","status":"publish","type":"post","link":"https:\/\/blogdorogeriogomes.com.br\/noticias\/2021\/08\/fortaleza-inicia-vacinacao-de-jovens-de-12-a-17-anos-nesta-quinta-feira-ceara-recebe-mais-322-mil-doses\/","title":{"rendered":"Fortaleza inicia vacina\u00e7\u00e3o de jovens de 12 a 17 anos nesta quinta-feira. Cear\u00e1 recebe mais 322 mil doses"},"content":{"rendered":"\n<p>A Secretaria de Sa\u00fade de Fortaleza inicia, nesta quinta-feira, dia 27 de agosto, a vacina\u00e7\u00e3o dos primeiros adolescentes na faixa et\u00e1ria entre 12 e 17 anos. Ser\u00e3o imunizados 100 jovens que est\u00e3o acamados ou com dificuldades de locomo\u00e7\u00e3o. No pr\u00f3ximo s\u00e1bado, dia 28, come\u00e7a efetivamente a vacina\u00e7\u00e3o dessa faixa et\u00e1ria para quem fizer o agendamento na plataforma Sa\u00fade Digital.<\/p>\n\n\n\n<p>A lista de s\u00e1bado j\u00e1 tem mais de 41 mil adolescentes agendados, nascidos at\u00e9 abril de 2005. S\u00e3o jovens de 16 e 17 anos. A Prefeitura de Fortaleza publicou ainda listas para esta sexta-feira, dia 27. S\u00e3o pessoas agendadas para a repescagem da primeira dose e para a segunda dose.<\/p>\n\n\n\n<p>O Cear\u00e1 recebe nesta quinta-feira dois novos lotes com 322.130 doses de vacinas contra a Covid-19. Ser\u00e3o 194.600 doses de CoronaVac e 127.530 doses da Pfizer.<\/p>\n\n\n\n<figure class=\"wp-block-image size-large\"><img loading=\"lazy\" decoding=\"async\" width=\"984\" height=\"606\" src=\"https:\/\/blogdorogeriogomes.com.br\/wp-content\/uploads\/2021\/08\/vacinacao-jovem.jpg\" alt=\"\" class=\"wp-image-22503\" srcset=\"https:\/\/blogdorogeriogomes.com.br\/noticias\/wp-content\/uploads\/2021\/08\/vacinacao-jovem.jpg 984w, https:\/\/blogdorogeriogomes.com.br\/noticias\/wp-content\/uploads\/2021\/08\/vacinacao-jovem-300x185.jpg 300w, https:\/\/blogdorogeriogomes.com.br\/noticias\/wp-content\/uploads\/2021\/08\/vacinacao-jovem-768x473.jpg 768w, https:\/\/blogdorogeriogomes.com.br\/noticias\/wp-content\/uploads\/2021\/08\/vacinacao-jovem-800x493.jpg 800w\" sizes=\"auto, (max-width: 984px) 100vw, 984px\" \/><\/figure>\n","protected":false},"excerpt":{"rendered":"<p>A Secretaria de Sa\u00fade de Fortaleza inicia, nesta quinta-feira, dia 27 de agosto, a vacina\u00e7\u00e3o dos primeiros adolescentes na faixa et\u00e1ria entre 12 e 17 anos. Ser\u00e3o imunizados 100 jovens que est\u00e3o acamados ou com dificuldades de locomo\u00e7\u00e3o. No pr\u00f3ximo s\u00e1bado, dia 28, come\u00e7a efetivamente a vacina\u00e7\u00e3o dessa faixa et\u00e1ria para quem fizer o agendamento na plataforma Sa\u00fade Digital. A lista de s\u00e1bado j\u00e1 tem mais de 41 mil adolescentes agendados, nascidos at\u00e9 abril de 2005. S\u00e3o jovens de&hellip;<\/p>\n","protected":false},"author":1,"featured_media":22503,"comment_status":"open","ping_status":"open","sticky":false,"template":"","format":"standard","meta":{"footnotes":""},"categories":[1],"tags":[],"class_list":["post-22502","post","type-post","status-publish","format-standard","has-post-thumbnail","hentry","category-noticias"],"_links":{"self":[{"href":"https:\/\/blogdorogeriogomes.com.br\/noticias\/wp-json\/wp\/v2\/posts\/22502","targetHints":{"allow":["GET"]}}],"collection":[{"href":"https:\/\/blogdorogeriogomes.com.br\/noticias\/wp-json\/wp\/v2\/posts"}],"about":[{"href":"https:\/\/blogdorogeriogomes.com.br\/noticias\/wp-json\/wp\/v2\/types\/post"}],"author":[{"embeddable":true,"href":"https:\/\/blogdorogeriogomes.com.br\/noticias\/wp-json\/wp\/v2\/users\/1"}],"replies":[{"embeddable":true,"href":"https:\/\/blogdorogeriogomes.com.br\/noticias\/wp-json\/wp\/v2\/comments?post=22502"}],"version-history":[{"count":2,"href":"https:\/\/blogdorogeriogomes.com.br\/noticias\/wp-json\/wp\/v2\/posts\/22502\/revisions"}],"predecessor-version":[{"id":22505,"href":"https:\/\/blogdorogeriogomes.com.br\/noticias\/wp-json\/wp\/v2\/posts\/22502\/revisions\/22505"}],"wp:featuredmedia":[{"embeddable":true,"href":"https:\/\/blogdorogeriogomes.com.br\/noticias\/wp-json\/wp\/v2\/media\/22503"}],"wp:attachment":[{"href":"https:\/\/blogdorogeriogomes.com.br\/noticias\/wp-json\/wp\/v2\/media?parent=22502"}],"wp:term":[{"taxonomy":"category","embeddable":true,"href":"https:\/\/blogdorogeriogomes.com.br\/noticias\/wp-json\/wp\/v2\/categories?post=22502"},{"taxonomy":"post_tag","embeddable":true,"href":"https:\/\/blogdorogeriogomes.com.br\/noticias\/wp-json\/wp\/v2\/tags?post=22502"}],"curies":[{"name":"wp","href":"https:\/\/api.w.org\/{rel}","templated":true}]}}