{"id":22506,"date":"2021-08-26T10:45:30","date_gmt":"2021-08-26T10:45:30","guid":{"rendered":"https:\/\/blogdorogeriogomes.com.br\/?p=22506"},"modified":"2021-08-26T11:10:13","modified_gmt":"2021-08-26T11:10:13","slug":"inflacao-dispara-no-pais-e-energia-deve-ficar-mais-cara-qual-e-o-problema-da-energia-ficar-um-pouco-mais-cara-questiona-paulo-guedes","status":"publish","type":"post","link":"https:\/\/blogdorogeriogomes.com.br\/noticias\/2021\/08\/inflacao-dispara-no-pais-e-energia-deve-ficar-mais-cara-qual-e-o-problema-da-energia-ficar-um-pouco-mais-cara-questiona-paulo-guedes\/","title":{"rendered":"Infla\u00e7\u00e3o dispara no Pa\u00eds e energia deve ficar mais cara. &#8220;Qual \u00e9 o problema da energia ficar um pouco mais cara&#8221;, questiona Paulo Guedes"},"content":{"rendered":"\n<p>A infla\u00e7\u00e3o est\u00e1 disparada no Pa\u00eds, a alimenta\u00e7\u00e3o com pre\u00e7o alto prejudicando os mais pobres e o desemprego superando os 14 milh\u00f5es de pessoas fora do mercado formal de trabalho.  Para piorar o quadro econ\u00f4mico no Brasil, a crise h\u00eddrica exige racionamento de energia el\u00e9trica, que ficar\u00e1 ainda mais cara. E qual o plano do Governo Federal? Bom, para o ministro da Economia, Paulo Guedes, est\u00e1 tudo sob controle. &#8220;A economia est\u00e1 bombando e continua a narrativa que o Governo n\u00e3o faz nada&#8221;, reclamou Guedes.<\/p>\n\n\n\n<p>Economistas avaliam que a infla\u00e7\u00e3o deve superar 8% at\u00e9 o fim do ano na m\u00e9dia do Pa\u00eds, mas j\u00e1 passou de dois d\u00edgitos em quatro capitais: Porto Alegre (10,37%), Goi\u00e2nia (10,67%), Fortaleza (11,37%) e Curitiba (11,43%).  Guedes p\u00f5e &#8220;panos quentes&#8221;, mas o mercado financeiro mostra impaci\u00eancia com a sua inoper\u00e2ncia. E com o pensamento nas elei\u00e7\u00f5es de 2022, a amea\u00e7a \u00e9 o Governo Federal furar o teto de gastos com a promessa de Bolsonaro de abrir os cofres p\u00fablicos. <\/p>\n\n\n\n<p>Mas o ministro da Economia filosofa: &#8220;Qual o problema agora que a energia vai ficar um pouco mais cara porque choveu menos? Ou o problema agora \u00e9 que est\u00e1 tendo uma exacerba\u00e7\u00e3o porque anteciparam as elei\u00e7\u00f5es. Tudo bem, vamos tapar o ouvido, vamos atravessar&#8221;.<\/p>\n\n\n\n<p>Depois, alguns n\u00e3o entendem porque as ruas est\u00e3o t\u00e3o cheias de pedintes. Fome n\u00e3o espera promessas vazias.<\/p>\n\n\n\n<figure class=\"wp-block-image size-large\"><img loading=\"lazy\" decoding=\"async\" width=\"715\" height=\"429\" src=\"https:\/\/blogdorogeriogomes.com.br\/wp-content\/uploads\/2021\/08\/images-21.jpeg\" alt=\"\" class=\"wp-image-22507\" srcset=\"https:\/\/blogdorogeriogomes.com.br\/noticias\/wp-content\/uploads\/2021\/08\/images-21.jpeg 715w, https:\/\/blogdorogeriogomes.com.br\/noticias\/wp-content\/uploads\/2021\/08\/images-21-300x180.jpeg 300w\" sizes=\"auto, (max-width: 715px) 100vw, 715px\" \/><\/figure>\n","protected":false},"excerpt":{"rendered":"<p>A infla\u00e7\u00e3o est\u00e1 disparada no Pa\u00eds, a alimenta\u00e7\u00e3o com pre\u00e7o alto prejudicando os mais pobres e o desemprego superando os 14 milh\u00f5es de pessoas fora do mercado formal de trabalho. Para piorar o quadro econ\u00f4mico no Brasil, a crise h\u00eddrica exige racionamento de energia el\u00e9trica, que ficar\u00e1 ainda mais cara. E qual o plano do Governo Federal? Bom, para o ministro da Economia, Paulo Guedes, est\u00e1 tudo sob controle. &#8220;A economia est\u00e1 bombando e continua a narrativa que o&hellip;<\/p>\n","protected":false},"author":1,"featured_media":22507,"comment_status":"open","ping_status":"open","sticky":false,"template":"","format":"standard","meta":{"footnotes":""},"categories":[1],"tags":[],"class_list":["post-22506","post","type-post","status-publish","format-standard","has-post-thumbnail","hentry","category-noticias"],"_links":{"self":[{"href":"https:\/\/blogdorogeriogomes.com.br\/noticias\/wp-json\/wp\/v2\/posts\/22506","targetHints":{"allow":["GET"]}}],"collection":[{"href":"https:\/\/blogdorogeriogomes.com.br\/noticias\/wp-json\/wp\/v2\/posts"}],"about":[{"href":"https:\/\/blogdorogeriogomes.com.br\/noticias\/wp-json\/wp\/v2\/types\/post"}],"author":[{"embeddable":true,"href":"https:\/\/blogdorogeriogomes.com.br\/noticias\/wp-json\/wp\/v2\/users\/1"}],"replies":[{"embeddable":true,"href":"https:\/\/blogdorogeriogomes.com.br\/noticias\/wp-json\/wp\/v2\/comments?post=22506"}],"version-history":[{"count":1,"href":"https:\/\/blogdorogeriogomes.com.br\/noticias\/wp-json\/wp\/v2\/posts\/22506\/revisions"}],"predecessor-version":[{"id":22508,"href":"https:\/\/blogdorogeriogomes.com.br\/noticias\/wp-json\/wp\/v2\/posts\/22506\/revisions\/22508"}],"wp:featuredmedia":[{"embeddable":true,"href":"https:\/\/blogdorogeriogomes.com.br\/noticias\/wp-json\/wp\/v2\/media\/22507"}],"wp:attachment":[{"href":"https:\/\/blogdorogeriogomes.com.br\/noticias\/wp-json\/wp\/v2\/media?parent=22506"}],"wp:term":[{"taxonomy":"category","embeddable":true,"href":"https:\/\/blogdorogeriogomes.com.br\/noticias\/wp-json\/wp\/v2\/categories?post=22506"},{"taxonomy":"post_tag","embeddable":true,"href":"https:\/\/blogdorogeriogomes.com.br\/noticias\/wp-json\/wp\/v2\/tags?post=22506"}],"curies":[{"name":"wp","href":"https:\/\/api.w.org\/{rel}","templated":true}]}}