{"id":22512,"date":"2021-08-26T19:50:19","date_gmt":"2021-08-26T19:50:19","guid":{"rendered":"https:\/\/blogdorogeriogomes.com.br\/?p=22512"},"modified":"2021-08-27T14:11:08","modified_gmt":"2021-08-27T14:11:08","slug":"prefeitura-inicia-cadastro-de-feirantes-que-atuam-na-jose-avelino-em-fortaleza","status":"publish","type":"post","link":"https:\/\/blogdorogeriogomes.com.br\/noticias\/2021\/08\/prefeitura-inicia-cadastro-de-feirantes-que-atuam-na-jose-avelino-em-fortaleza\/","title":{"rendered":"Prefeitura inicia cadastro de feirantes que atuam na Jos\u00e9 Avelino em Fortaleza"},"content":{"rendered":"\n<p>A Prefeitura de Fortaleza iniciou, nesta quinta-feira, dia 26 de agosto, um levantamento de dados das pessoas que trabalham no com\u00e9rcio informal da rua Jos\u00e9 Avelino e outras vias do entorno. Por meio da Secretaria Municipal do Desenvolvimento Econ\u00f4mico (SDE), ser\u00e1 feita a coleta de informa\u00e7\u00f5es, entre o dia 26 de agosto e 3 de setembro, de segunda a sexta-feira, sempre das 8 \u00e0s 12 horas e das 13 \u00e0s 17 horas, no estacionamento do Mercado Central, que abrigar\u00e1 uma unidade m\u00f3vel de atendimento da SDE.<\/p>\n\n\n\n<p>&#8220;A gente busca&nbsp;ter a dimens\u00e3o do quantitativo de pessoas que realmente trabalham nesse entorno e conseguir encontrar uma solu\u00e7\u00e3o que seja vi\u00e1vel para todos, tanto para o poder p\u00fablico, que tem a obriga\u00e7\u00e3o de ordenar o espa\u00e7o p\u00fablico da Cidade, como para os trabalhadores, que precisam ter esse trabalho para sustentar suas fam\u00edlias\u201d, afirmou o secret\u00e1rio de Governo, Renato Lima.<\/p>\n\n\n\n<p>O presidente da C\u00e2mara Municipal, Ant\u00f4nio Henrique (PDT), tamb\u00e9m \u00edntegra o comit\u00ea formado pelo prefeito Jos\u00e9 Sarto para buscar uma solu\u00e7\u00e3o para o ordenamento da feira. Ele esteve na madrugada desta quarta-feira, dia 25 de agosto, visitando a Jos\u00e9 Avelino. \u201cConversei com os feirantes, ouvi as principais demandas, colhi sugest\u00f5es e expliquei a import\u00e2ncia do momento de negocia\u00e7\u00e3o que estamos passando. Atrav\u00e9s do di\u00e1logo, vamos desenvolver projetos em parceria com o Executivo e analisar a melhor forma de ajudar esses trabalhadores a passarem por essa fase de retomada econ\u00f4mica\u201d, destacou Ant\u00f4nio Henrique.<\/p>\n\n\n\n<figure class=\"wp-block-image size-large\"><img loading=\"lazy\" decoding=\"async\" width=\"1024\" height=\"680\" src=\"https:\/\/blogdorogeriogomes.com.br\/wp-content\/uploads\/2021\/08\/240410005_454514638871185_2300242551897161300_n-1024x680.jpg\" alt=\"\" class=\"wp-image-22513\" srcset=\"https:\/\/blogdorogeriogomes.com.br\/noticias\/wp-content\/uploads\/2021\/08\/240410005_454514638871185_2300242551897161300_n-1024x680.jpg 1024w, https:\/\/blogdorogeriogomes.com.br\/noticias\/wp-content\/uploads\/2021\/08\/240410005_454514638871185_2300242551897161300_n-300x199.jpg 300w, https:\/\/blogdorogeriogomes.com.br\/noticias\/wp-content\/uploads\/2021\/08\/240410005_454514638871185_2300242551897161300_n-768x510.jpg 768w, https:\/\/blogdorogeriogomes.com.br\/noticias\/wp-content\/uploads\/2021\/08\/240410005_454514638871185_2300242551897161300_n-800x532.jpg 800w, https:\/\/blogdorogeriogomes.com.br\/noticias\/wp-content\/uploads\/2021\/08\/240410005_454514638871185_2300242551897161300_n.jpg 1040w\" sizes=\"auto, (max-width: 1024px) 100vw, 1024px\" \/><\/figure>\n","protected":false},"excerpt":{"rendered":"<p>A Prefeitura de Fortaleza iniciou, nesta quinta-feira, dia 26 de agosto, um levantamento de dados das pessoas que trabalham no com\u00e9rcio informal da rua Jos\u00e9 Avelino e outras vias do entorno. Por meio da Secretaria Municipal do Desenvolvimento Econ\u00f4mico (SDE), ser\u00e1 feita a coleta de informa\u00e7\u00f5es, entre o dia 26 de agosto e 3 de setembro, de segunda a sexta-feira, sempre das 8 \u00e0s 12 horas e das 13 \u00e0s 17 horas, no estacionamento do Mercado Central, que abrigar\u00e1&hellip;<\/p>\n","protected":false},"author":1,"featured_media":22513,"comment_status":"open","ping_status":"open","sticky":false,"template":"","format":"standard","meta":{"footnotes":""},"categories":[1],"tags":[],"class_list":["post-22512","post","type-post","status-publish","format-standard","has-post-thumbnail","hentry","category-noticias"],"_links":{"self":[{"href":"https:\/\/blogdorogeriogomes.com.br\/noticias\/wp-json\/wp\/v2\/posts\/22512","targetHints":{"allow":["GET"]}}],"collection":[{"href":"https:\/\/blogdorogeriogomes.com.br\/noticias\/wp-json\/wp\/v2\/posts"}],"about":[{"href":"https:\/\/blogdorogeriogomes.com.br\/noticias\/wp-json\/wp\/v2\/types\/post"}],"author":[{"embeddable":true,"href":"https:\/\/blogdorogeriogomes.com.br\/noticias\/wp-json\/wp\/v2\/users\/1"}],"replies":[{"embeddable":true,"href":"https:\/\/blogdorogeriogomes.com.br\/noticias\/wp-json\/wp\/v2\/comments?post=22512"}],"version-history":[{"count":2,"href":"https:\/\/blogdorogeriogomes.com.br\/noticias\/wp-json\/wp\/v2\/posts\/22512\/revisions"}],"predecessor-version":[{"id":22530,"href":"https:\/\/blogdorogeriogomes.com.br\/noticias\/wp-json\/wp\/v2\/posts\/22512\/revisions\/22530"}],"wp:featuredmedia":[{"embeddable":true,"href":"https:\/\/blogdorogeriogomes.com.br\/noticias\/wp-json\/wp\/v2\/media\/22513"}],"wp:attachment":[{"href":"https:\/\/blogdorogeriogomes.com.br\/noticias\/wp-json\/wp\/v2\/media?parent=22512"}],"wp:term":[{"taxonomy":"category","embeddable":true,"href":"https:\/\/blogdorogeriogomes.com.br\/noticias\/wp-json\/wp\/v2\/categories?post=22512"},{"taxonomy":"post_tag","embeddable":true,"href":"https:\/\/blogdorogeriogomes.com.br\/noticias\/wp-json\/wp\/v2\/tags?post=22512"}],"curies":[{"name":"wp","href":"https:\/\/api.w.org\/{rel}","templated":true}]}}