{"id":22515,"date":"2021-08-26T22:59:31","date_gmt":"2021-08-26T22:59:31","guid":{"rendered":"https:\/\/blogdorogeriogomes.com.br\/?p=22515"},"modified":"2021-08-27T14:11:21","modified_gmt":"2021-08-27T14:11:21","slug":"pdt-e-pt-vao-ocupar-a-presidencia-e-relatoria-da-cpi-do-motim-na-assembleia-legislativa","status":"publish","type":"post","link":"https:\/\/blogdorogeriogomes.com.br\/noticias\/2021\/08\/pdt-e-pt-vao-ocupar-a-presidencia-e-relatoria-da-cpi-do-motim-na-assembleia-legislativa\/","title":{"rendered":"PDT e PT v\u00e3o ocupar a presid\u00eancia e relatoria da CPI do Motim na Assembleia Legislativa"},"content":{"rendered":"\n<p>A CPI do Motim iniciou os seus trabalhos na Assembleia Legislativa do Cear\u00e1, nesta quinta-feira, dia 26 de agosto. A comiss\u00e3o vai investigar o destino de recursos recebidos pelas associa\u00e7\u00f5es ligadas \u00e0 Pol\u00edcia Militar e ao Corpo de Bombeiros Militar do Estado do Cear\u00e1. Os deputados querem saber se houve financiamento pelas associa\u00e7\u00f5es do motim da Pol\u00edcia Militar no Cear\u00e1 em 2020. Na primeira reuni\u00e3o foram escolhidos o presidente, vice-presidente e relator da CPI. <\/p>\n\n\n\n<p>O PDT e o PT ficaram com os cargos mais importantes da comiss\u00e3o. Para a presid\u00eancia da CPI foi eleito o deputado estadual Salmito (PDT); para a vice-presid\u00eancia, o deputado Queiroz Filho (PDT) e, como relator, o deputado Elmano Freitas (PT).<\/p>\n\n\n\n<p>A CPI dever\u00e1 ser realizada em um prazo de 120 dias, podendo ser renovado por mais 120 dias. A comiss\u00e3o \u00e9 composta pelos seguintes deputados estaduais: Soldado Noelio (Pros), Davi de Raimund\u00e3o (MDB), Romeu Aldigueri (PDT), Salmito (PDT), Queiroz Filho (PDT), Augusta Brito (PCdoB), Nizo Costa (PSB), Elmano Freitas (PT) e Marcos Sobreira (PDT). <\/p>\n\n\n\n<figure class=\"wp-block-image size-large\"><img loading=\"lazy\" decoding=\"async\" width=\"900\" height=\"600\" src=\"https:\/\/blogdorogeriogomes.com.br\/wp-content\/uploads\/2021\/08\/0db3446c82105601a53a0926e1e5eccf_XL.jpg\" alt=\"\" class=\"wp-image-22516\" srcset=\"https:\/\/blogdorogeriogomes.com.br\/noticias\/wp-content\/uploads\/2021\/08\/0db3446c82105601a53a0926e1e5eccf_XL.jpg 900w, https:\/\/blogdorogeriogomes.com.br\/noticias\/wp-content\/uploads\/2021\/08\/0db3446c82105601a53a0926e1e5eccf_XL-300x200.jpg 300w, https:\/\/blogdorogeriogomes.com.br\/noticias\/wp-content\/uploads\/2021\/08\/0db3446c82105601a53a0926e1e5eccf_XL-768x512.jpg 768w, https:\/\/blogdorogeriogomes.com.br\/noticias\/wp-content\/uploads\/2021\/08\/0db3446c82105601a53a0926e1e5eccf_XL-800x533.jpg 800w\" sizes=\"auto, (max-width: 900px) 100vw, 900px\" \/><\/figure>\n","protected":false},"excerpt":{"rendered":"<p>A CPI do Motim iniciou os seus trabalhos na Assembleia Legislativa do Cear\u00e1, nesta quinta-feira, dia 26 de agosto. A comiss\u00e3o vai investigar o destino de recursos recebidos pelas associa\u00e7\u00f5es ligadas \u00e0 Pol\u00edcia Militar e ao Corpo de Bombeiros Militar do Estado do Cear\u00e1. Os deputados querem saber se houve financiamento pelas associa\u00e7\u00f5es do motim da Pol\u00edcia Militar no Cear\u00e1 em 2020. Na primeira reuni\u00e3o foram escolhidos o presidente, vice-presidente e relator da CPI. O PDT e o PT&hellip;<\/p>\n","protected":false},"author":1,"featured_media":22516,"comment_status":"open","ping_status":"open","sticky":false,"template":"","format":"standard","meta":{"footnotes":""},"categories":[1],"tags":[],"class_list":["post-22515","post","type-post","status-publish","format-standard","has-post-thumbnail","hentry","category-noticias"],"_links":{"self":[{"href":"https:\/\/blogdorogeriogomes.com.br\/noticias\/wp-json\/wp\/v2\/posts\/22515","targetHints":{"allow":["GET"]}}],"collection":[{"href":"https:\/\/blogdorogeriogomes.com.br\/noticias\/wp-json\/wp\/v2\/posts"}],"about":[{"href":"https:\/\/blogdorogeriogomes.com.br\/noticias\/wp-json\/wp\/v2\/types\/post"}],"author":[{"embeddable":true,"href":"https:\/\/blogdorogeriogomes.com.br\/noticias\/wp-json\/wp\/v2\/users\/1"}],"replies":[{"embeddable":true,"href":"https:\/\/blogdorogeriogomes.com.br\/noticias\/wp-json\/wp\/v2\/comments?post=22515"}],"version-history":[{"count":1,"href":"https:\/\/blogdorogeriogomes.com.br\/noticias\/wp-json\/wp\/v2\/posts\/22515\/revisions"}],"predecessor-version":[{"id":22517,"href":"https:\/\/blogdorogeriogomes.com.br\/noticias\/wp-json\/wp\/v2\/posts\/22515\/revisions\/22517"}],"wp:featuredmedia":[{"embeddable":true,"href":"https:\/\/blogdorogeriogomes.com.br\/noticias\/wp-json\/wp\/v2\/media\/22516"}],"wp:attachment":[{"href":"https:\/\/blogdorogeriogomes.com.br\/noticias\/wp-json\/wp\/v2\/media?parent=22515"}],"wp:term":[{"taxonomy":"category","embeddable":true,"href":"https:\/\/blogdorogeriogomes.com.br\/noticias\/wp-json\/wp\/v2\/categories?post=22515"},{"taxonomy":"post_tag","embeddable":true,"href":"https:\/\/blogdorogeriogomes.com.br\/noticias\/wp-json\/wp\/v2\/tags?post=22515"}],"curies":[{"name":"wp","href":"https:\/\/api.w.org\/{rel}","templated":true}]}}