{"id":22518,"date":"2021-08-27T09:44:39","date_gmt":"2021-08-27T09:44:39","guid":{"rendered":"https:\/\/blogdorogeriogomes.com.br\/?p=22518"},"modified":"2021-08-27T14:11:30","modified_gmt":"2021-08-27T14:11:30","slug":"governo-do-estado-lanca-pacto-pela-aprendizagem-que-vai-beneficiar-alunos-do-ensino-fundamental-da-rede-publica-prejudicados-na-pandemia","status":"publish","type":"post","link":"https:\/\/blogdorogeriogomes.com.br\/noticias\/2021\/08\/governo-do-estado-lanca-pacto-pela-aprendizagem-que-vai-beneficiar-alunos-do-ensino-fundamental-da-rede-publica-prejudicados-na-pandemia\/","title":{"rendered":"Governo do Estado lan\u00e7a Pacto pela Aprendizagem que vai beneficiar alunos do ensino fundamental da rede p\u00fablica prejudicados na pandemia"},"content":{"rendered":"\n<p>O Governo do Cear\u00e1 lan\u00e7ou o Pacto pela Aprendizagem no Estado do Cear\u00e1, nesta quinta-feira, dia 26 de agosto. A pactua\u00e7\u00e3o entre Estado e munic\u00edpios objetiva recuperar a aprendizagem dos estudantes do 1\u00ba ao 9\u00ba ano diante do contexto de pandemia da Covid-19. Mais de 910 mil estudantes cearenses que cursam o ensino fundamental na rede p\u00fablica ser\u00e3o beneficiados com a a\u00e7\u00e3o.<\/p>\n\n\n\n<p>O Pacto pela Aprendizagem, executado em 2021 e 2022, vai fortalecer o regime de colabora\u00e7\u00e3o entre o Governo do Cear\u00e1 e os 184 munic\u00edpios para recuperar a aprendizagem dos estudantes. De acordo com o governador Camilo Santana, &#8220;o objetivo de tudo isso \u00e9 o avan\u00e7o pedag\u00f3gico e estrutural para o ensino fundamental do Cear\u00e1. A ideia \u00e9 recuperar esse per\u00edodo que n\u00f3s perdemos durante a pandemia. Para isso, \u00e9 preciso a articula\u00e7\u00e3o conjunta entre todos os entes nesse processo\u201d.<\/p>\n\n\n\n<p>O investimento total para o desenvolvimento das a\u00e7\u00f5es do Pacto \u00e9 de R$ 130 milh\u00f5es. Desse montante, R$ 50 milh\u00f5es ser\u00e3o investidos pelo Estado em tecnologia, plataformas de aprendizagem e material de apoio \u00e0 recupera\u00e7\u00e3o de estudantes das escolas municipais. J\u00e1 R$ 80 milh\u00f5es ser\u00e3o transferidos aos munic\u00edpios para que utilizem na reforma e aquisi\u00e7\u00e3o de equipamentos para as escolas; na compra de ve\u00edculos de transporte escolar; no refor\u00e7o da conectividade com equipamentos tecnol\u00f3gicos; na implementa\u00e7\u00e3o de tempo integral na rede municipal e no apoio \u00e0s atividades extracurriculares para atuar na recupera\u00e7\u00e3o das aprendizagens dos alunos.<\/p>\n\n\n\n<figure class=\"wp-block-image size-large\"><img loading=\"lazy\" decoding=\"async\" width=\"1024\" height=\"683\" src=\"https:\/\/blogdorogeriogomes.com.br\/wp-content\/uploads\/2021\/08\/210826_PACTO-APRENDIZAGEM_CGM4377-1200x800-1-1024x683.jpg\" alt=\"\" class=\"wp-image-22519\" srcset=\"https:\/\/blogdorogeriogomes.com.br\/noticias\/wp-content\/uploads\/2021\/08\/210826_PACTO-APRENDIZAGEM_CGM4377-1200x800-1-1024x683.jpg 1024w, https:\/\/blogdorogeriogomes.com.br\/noticias\/wp-content\/uploads\/2021\/08\/210826_PACTO-APRENDIZAGEM_CGM4377-1200x800-1-300x200.jpg 300w, https:\/\/blogdorogeriogomes.com.br\/noticias\/wp-content\/uploads\/2021\/08\/210826_PACTO-APRENDIZAGEM_CGM4377-1200x800-1-768x512.jpg 768w, https:\/\/blogdorogeriogomes.com.br\/noticias\/wp-content\/uploads\/2021\/08\/210826_PACTO-APRENDIZAGEM_CGM4377-1200x800-1-800x533.jpg 800w, https:\/\/blogdorogeriogomes.com.br\/noticias\/wp-content\/uploads\/2021\/08\/210826_PACTO-APRENDIZAGEM_CGM4377-1200x800-1.jpg 1200w\" sizes=\"auto, (max-width: 1024px) 100vw, 1024px\" \/><\/figure>\n","protected":false},"excerpt":{"rendered":"<p>O Governo do Cear\u00e1 lan\u00e7ou o Pacto pela Aprendizagem no Estado do Cear\u00e1, nesta quinta-feira, dia 26 de agosto. A pactua\u00e7\u00e3o entre Estado e munic\u00edpios objetiva recuperar a aprendizagem dos estudantes do 1\u00ba ao 9\u00ba ano diante do contexto de pandemia da Covid-19. Mais de 910 mil estudantes cearenses que cursam o ensino fundamental na rede p\u00fablica ser\u00e3o beneficiados com a a\u00e7\u00e3o. O Pacto pela Aprendizagem, executado em 2021 e 2022, vai fortalecer o regime de colabora\u00e7\u00e3o entre o&hellip;<\/p>\n","protected":false},"author":1,"featured_media":22519,"comment_status":"open","ping_status":"open","sticky":false,"template":"","format":"standard","meta":{"footnotes":""},"categories":[1],"tags":[],"class_list":["post-22518","post","type-post","status-publish","format-standard","has-post-thumbnail","hentry","category-noticias"],"_links":{"self":[{"href":"https:\/\/blogdorogeriogomes.com.br\/noticias\/wp-json\/wp\/v2\/posts\/22518","targetHints":{"allow":["GET"]}}],"collection":[{"href":"https:\/\/blogdorogeriogomes.com.br\/noticias\/wp-json\/wp\/v2\/posts"}],"about":[{"href":"https:\/\/blogdorogeriogomes.com.br\/noticias\/wp-json\/wp\/v2\/types\/post"}],"author":[{"embeddable":true,"href":"https:\/\/blogdorogeriogomes.com.br\/noticias\/wp-json\/wp\/v2\/users\/1"}],"replies":[{"embeddable":true,"href":"https:\/\/blogdorogeriogomes.com.br\/noticias\/wp-json\/wp\/v2\/comments?post=22518"}],"version-history":[{"count":1,"href":"https:\/\/blogdorogeriogomes.com.br\/noticias\/wp-json\/wp\/v2\/posts\/22518\/revisions"}],"predecessor-version":[{"id":22520,"href":"https:\/\/blogdorogeriogomes.com.br\/noticias\/wp-json\/wp\/v2\/posts\/22518\/revisions\/22520"}],"wp:featuredmedia":[{"embeddable":true,"href":"https:\/\/blogdorogeriogomes.com.br\/noticias\/wp-json\/wp\/v2\/media\/22519"}],"wp:attachment":[{"href":"https:\/\/blogdorogeriogomes.com.br\/noticias\/wp-json\/wp\/v2\/media?parent=22518"}],"wp:term":[{"taxonomy":"category","embeddable":true,"href":"https:\/\/blogdorogeriogomes.com.br\/noticias\/wp-json\/wp\/v2\/categories?post=22518"},{"taxonomy":"post_tag","embeddable":true,"href":"https:\/\/blogdorogeriogomes.com.br\/noticias\/wp-json\/wp\/v2\/tags?post=22518"}],"curies":[{"name":"wp","href":"https:\/\/api.w.org\/{rel}","templated":true}]}}