{"id":22521,"date":"2021-08-27T10:06:05","date_gmt":"2021-08-27T10:06:05","guid":{"rendered":"https:\/\/blogdorogeriogomes.com.br\/?p=22521"},"modified":"2021-08-27T14:11:54","modified_gmt":"2021-08-27T14:11:54","slug":"ministerio-publico-recomenda-que-comandos-da-pm-e-bombeiros-evitem-a-participacao-de-militares-nos-protestos-de-7-de-setembro","status":"publish","type":"post","link":"https:\/\/blogdorogeriogomes.com.br\/noticias\/2021\/08\/ministerio-publico-recomenda-que-comandos-da-pm-e-bombeiros-evitem-a-participacao-de-militares-nos-protestos-de-7-de-setembro\/","title":{"rendered":"Minist\u00e9rio P\u00fablico recomenda que comandos da PM e Bombeiros evitem a participa\u00e7\u00e3o de militares nos protestos de 7 de Setembro"},"content":{"rendered":"\n<p>Grupos bolsonaristas anunciam protestos em todo o Pa\u00eds para o dia 7 de setembro em defesa do presidente Bolsonaro e contra o Congresso Nacional e STF. H\u00e1 tamb\u00e9m articula\u00e7\u00f5es de militares dentro das corpora\u00e7\u00f5es. Em Fortaleza, h\u00e1 manifesta\u00e7\u00e3o sendo programada. Diante disso, o Minist\u00e9rio P\u00fablico do Cear\u00e1 emitiu documento oficial com recomenda\u00e7\u00f5es para evitar ades\u00e3o de agentes militares ao movimento, sob pena de puni\u00e7\u00e3o na Justi\u00e7a Militar.<\/p>\n\n\n\n<p>O promotor&nbsp;Sebasti\u00e3o Brasilino de Freitas, enviou a recomenda\u00e7\u00e3o aos comandantes-gerais da Pol\u00edcia Militar e do Corpo de Bombeiros do Cear\u00e1 para que sejam adotadas medidas para prevenir e fazer cessar, inclusive por meio da for\u00e7a qualquer ato promovido ou integrado por militares estaduais durante os protestos bolsonaristas.<\/p>\n\n\n\n<p>O presidente Jair Bolsonaro faz todas as apostas nos protestos para mobilizar seus aliados com amea\u00e7as de golpe. Ele promete participar de atos em Bras\u00edlia e S\u00e3o Paulo. Na sua live desta quinta-feira, dia 26 de agosto, Bolsonaro voltou a mentir ao associar a alta na infla\u00e7\u00e3o \u00e0s medidas de restri\u00e7\u00e3o adotadas por prefeitos e governadores para conter a Covid-19. Na verdade, o avan\u00e7o nos pre\u00e7os tem rela\u00e7\u00e3o com a pol\u00edtica da Petrobras para combust\u00edveis, a valoriza\u00e7\u00e3o do d\u00f3lar, a alta na conta de luz por conta da crise h\u00eddrica e as ondas de frio que prejudicaram a produ\u00e7\u00e3o de alimentos, que est\u00e3o com pre\u00e7os disparados nos supermercados e feiras.<\/p>\n\n\n\n<figure class=\"wp-block-image size-large\"><img loading=\"lazy\" decoding=\"async\" width=\"1024\" height=\"492\" src=\"https:\/\/blogdorogeriogomes.com.br\/wp-content\/uploads\/2021\/08\/2021082704084_542b7707-002c-49cd-b21a-413aa54bd251-1024x492.jpg\" alt=\"\" class=\"wp-image-22522\" srcset=\"https:\/\/blogdorogeriogomes.com.br\/noticias\/wp-content\/uploads\/2021\/08\/2021082704084_542b7707-002c-49cd-b21a-413aa54bd251-1024x492.jpg 1024w, https:\/\/blogdorogeriogomes.com.br\/noticias\/wp-content\/uploads\/2021\/08\/2021082704084_542b7707-002c-49cd-b21a-413aa54bd251-300x144.jpg 300w, https:\/\/blogdorogeriogomes.com.br\/noticias\/wp-content\/uploads\/2021\/08\/2021082704084_542b7707-002c-49cd-b21a-413aa54bd251-768x369.jpg 768w, https:\/\/blogdorogeriogomes.com.br\/noticias\/wp-content\/uploads\/2021\/08\/2021082704084_542b7707-002c-49cd-b21a-413aa54bd251-800x384.jpg 800w, https:\/\/blogdorogeriogomes.com.br\/noticias\/wp-content\/uploads\/2021\/08\/2021082704084_542b7707-002c-49cd-b21a-413aa54bd251.jpg 1250w\" sizes=\"auto, (max-width: 1024px) 100vw, 1024px\" \/><\/figure>\n","protected":false},"excerpt":{"rendered":"<p>Grupos bolsonaristas anunciam protestos em todo o Pa\u00eds para o dia 7 de setembro em defesa do presidente Bolsonaro e contra o Congresso Nacional e STF. H\u00e1 tamb\u00e9m articula\u00e7\u00f5es de militares dentro das corpora\u00e7\u00f5es. Em Fortaleza, h\u00e1 manifesta\u00e7\u00e3o sendo programada. Diante disso, o Minist\u00e9rio P\u00fablico do Cear\u00e1 emitiu documento oficial com recomenda\u00e7\u00f5es para evitar ades\u00e3o de agentes militares ao movimento, sob pena de puni\u00e7\u00e3o na Justi\u00e7a Militar. O promotor&nbsp;Sebasti\u00e3o Brasilino de Freitas, enviou a recomenda\u00e7\u00e3o aos comandantes-gerais da Pol\u00edcia&hellip;<\/p>\n","protected":false},"author":1,"featured_media":22522,"comment_status":"open","ping_status":"open","sticky":false,"template":"","format":"standard","meta":{"footnotes":""},"categories":[1],"tags":[],"class_list":["post-22521","post","type-post","status-publish","format-standard","has-post-thumbnail","hentry","category-noticias"],"_links":{"self":[{"href":"https:\/\/blogdorogeriogomes.com.br\/noticias\/wp-json\/wp\/v2\/posts\/22521","targetHints":{"allow":["GET"]}}],"collection":[{"href":"https:\/\/blogdorogeriogomes.com.br\/noticias\/wp-json\/wp\/v2\/posts"}],"about":[{"href":"https:\/\/blogdorogeriogomes.com.br\/noticias\/wp-json\/wp\/v2\/types\/post"}],"author":[{"embeddable":true,"href":"https:\/\/blogdorogeriogomes.com.br\/noticias\/wp-json\/wp\/v2\/users\/1"}],"replies":[{"embeddable":true,"href":"https:\/\/blogdorogeriogomes.com.br\/noticias\/wp-json\/wp\/v2\/comments?post=22521"}],"version-history":[{"count":2,"href":"https:\/\/blogdorogeriogomes.com.br\/noticias\/wp-json\/wp\/v2\/posts\/22521\/revisions"}],"predecessor-version":[{"id":22531,"href":"https:\/\/blogdorogeriogomes.com.br\/noticias\/wp-json\/wp\/v2\/posts\/22521\/revisions\/22531"}],"wp:featuredmedia":[{"embeddable":true,"href":"https:\/\/blogdorogeriogomes.com.br\/noticias\/wp-json\/wp\/v2\/media\/22522"}],"wp:attachment":[{"href":"https:\/\/blogdorogeriogomes.com.br\/noticias\/wp-json\/wp\/v2\/media?parent=22521"}],"wp:term":[{"taxonomy":"category","embeddable":true,"href":"https:\/\/blogdorogeriogomes.com.br\/noticias\/wp-json\/wp\/v2\/categories?post=22521"},{"taxonomy":"post_tag","embeddable":true,"href":"https:\/\/blogdorogeriogomes.com.br\/noticias\/wp-json\/wp\/v2\/tags?post=22521"}],"curies":[{"name":"wp","href":"https:\/\/api.w.org\/{rel}","templated":true}]}}