{"id":22524,"date":"2021-08-27T11:37:23","date_gmt":"2021-08-27T11:37:23","guid":{"rendered":"https:\/\/blogdorogeriogomes.com.br\/?p=22524"},"modified":"2021-08-27T14:12:03","modified_gmt":"2021-08-27T14:12:03","slug":"fiec-celebra-70-anos-e-realiza-entrega-da-medalha-do-merito-industrial","status":"publish","type":"post","link":"https:\/\/blogdorogeriogomes.com.br\/noticias\/2021\/08\/fiec-celebra-70-anos-e-realiza-entrega-da-medalha-do-merito-industrial\/","title":{"rendered":"FIEC celebra 70 anos e realiza entrega da Medalha do M\u00e9rito Industrial"},"content":{"rendered":"\n<p>O presidente da Federa\u00e7\u00e3o das Ind\u00fastrias do Estado do Cear\u00e1 (FIEC), Ricardo Cavalcante, reuniu empres\u00e1rios e personalidades, nesta quinta-feira, dia 27 de agosto, para entregar a Medalha do M\u00e9rito Industrial aos industriais Alu\u00edsio da Silva Ramalho (Ramalho T\u00eaxtil) e Cl\u00e1udio Sidrim Targino (Grupo Colonial) dentro das comemora\u00e7\u00f5es dos 70 anos da entidade. De acordo com o presidente da FIEC, reconhecer industriais que contribuem para o desenvolvimento do Cear\u00e1 \u00e9 mais do que necess\u00e1rio.<\/p>\n\n\n\n<p>Durante o evento, o presidente Ricardo Cavalcante lan\u00e7ou o livro que faz o resgate dos 70 anos da FIEC. \u201cEstamos lan\u00e7ando o livro FIEC 70 ANOS, que traz a hist\u00f3ria da nossa Federa\u00e7\u00e3o narrada sob a \u00f3tica da atua\u00e7\u00e3o de valorosos l\u00edderes, os seus presidentes&#8221;.<\/p>\n\n\n\n<figure class=\"wp-block-image size-large\"><img loading=\"lazy\" decoding=\"async\" width=\"853\" height=\"568\" src=\"https:\/\/blogdorogeriogomes.com.br\/wp-content\/uploads\/2021\/08\/fotorayane31.jpg\" alt=\"\" class=\"wp-image-22525\" srcset=\"https:\/\/blogdorogeriogomes.com.br\/noticias\/wp-content\/uploads\/2021\/08\/fotorayane31.jpg 853w, https:\/\/blogdorogeriogomes.com.br\/noticias\/wp-content\/uploads\/2021\/08\/fotorayane31-300x200.jpg 300w, https:\/\/blogdorogeriogomes.com.br\/noticias\/wp-content\/uploads\/2021\/08\/fotorayane31-768x511.jpg 768w, https:\/\/blogdorogeriogomes.com.br\/noticias\/wp-content\/uploads\/2021\/08\/fotorayane31-800x533.jpg 800w\" sizes=\"auto, (max-width: 853px) 100vw, 853px\" \/><\/figure>\n","protected":false},"excerpt":{"rendered":"<p>O presidente da Federa\u00e7\u00e3o das Ind\u00fastrias do Estado do Cear\u00e1 (FIEC), Ricardo Cavalcante, reuniu empres\u00e1rios e personalidades, nesta quinta-feira, dia 27 de agosto, para entregar a Medalha do M\u00e9rito Industrial aos industriais Alu\u00edsio da Silva Ramalho (Ramalho T\u00eaxtil) e Cl\u00e1udio Sidrim Targino (Grupo Colonial) dentro das comemora\u00e7\u00f5es dos 70 anos da entidade. De acordo com o presidente da FIEC, reconhecer industriais que contribuem para o desenvolvimento do Cear\u00e1 \u00e9 mais do que necess\u00e1rio. Durante o evento, o presidente Ricardo&hellip;<\/p>\n","protected":false},"author":1,"featured_media":22525,"comment_status":"open","ping_status":"open","sticky":false,"template":"","format":"standard","meta":{"footnotes":""},"categories":[1],"tags":[],"class_list":["post-22524","post","type-post","status-publish","format-standard","has-post-thumbnail","hentry","category-noticias"],"_links":{"self":[{"href":"https:\/\/blogdorogeriogomes.com.br\/noticias\/wp-json\/wp\/v2\/posts\/22524","targetHints":{"allow":["GET"]}}],"collection":[{"href":"https:\/\/blogdorogeriogomes.com.br\/noticias\/wp-json\/wp\/v2\/posts"}],"about":[{"href":"https:\/\/blogdorogeriogomes.com.br\/noticias\/wp-json\/wp\/v2\/types\/post"}],"author":[{"embeddable":true,"href":"https:\/\/blogdorogeriogomes.com.br\/noticias\/wp-json\/wp\/v2\/users\/1"}],"replies":[{"embeddable":true,"href":"https:\/\/blogdorogeriogomes.com.br\/noticias\/wp-json\/wp\/v2\/comments?post=22524"}],"version-history":[{"count":1,"href":"https:\/\/blogdorogeriogomes.com.br\/noticias\/wp-json\/wp\/v2\/posts\/22524\/revisions"}],"predecessor-version":[{"id":22526,"href":"https:\/\/blogdorogeriogomes.com.br\/noticias\/wp-json\/wp\/v2\/posts\/22524\/revisions\/22526"}],"wp:featuredmedia":[{"embeddable":true,"href":"https:\/\/blogdorogeriogomes.com.br\/noticias\/wp-json\/wp\/v2\/media\/22525"}],"wp:attachment":[{"href":"https:\/\/blogdorogeriogomes.com.br\/noticias\/wp-json\/wp\/v2\/media?parent=22524"}],"wp:term":[{"taxonomy":"category","embeddable":true,"href":"https:\/\/blogdorogeriogomes.com.br\/noticias\/wp-json\/wp\/v2\/categories?post=22524"},{"taxonomy":"post_tag","embeddable":true,"href":"https:\/\/blogdorogeriogomes.com.br\/noticias\/wp-json\/wp\/v2\/tags?post=22524"}],"curies":[{"name":"wp","href":"https:\/\/api.w.org\/{rel}","templated":true}]}}