{"id":22532,"date":"2021-08-27T19:53:26","date_gmt":"2021-08-27T19:53:26","guid":{"rendered":"https:\/\/blogdorogeriogomes.com.br\/?p=22532"},"modified":"2021-08-30T10:46:11","modified_gmt":"2021-08-30T10:46:11","slug":"ministro-da-educacao-enfrenta-protestos-durante-inauguracao-do-campus-da-ufc-em-itapaje","status":"publish","type":"post","link":"https:\/\/blogdorogeriogomes.com.br\/noticias\/2021\/08\/ministro-da-educacao-enfrenta-protestos-durante-inauguracao-do-campus-da-ufc-em-itapaje\/","title":{"rendered":"Ministro da Educa\u00e7\u00e3o enfrenta protestos durante inaugura\u00e7\u00e3o do Campus da UFC em Itapaj\u00e9"},"content":{"rendered":"\n<p>Depois de declara\u00e7\u00f5es cheias de preconceito contra alunos deficientes e de estudantes de baixa renda que buscam vaga no Ensino Superior, o ministro da Educa\u00e7\u00e3o, Milton Ribeiro, esteve nesta sexta-feira, dia 27 de agosto, no interior do Cear\u00e1 e enfrentou protestos de alunos e professores. Ele veio acompanhar a inaugura\u00e7\u00e3o do Campus da UFC em Itapaj\u00e9.<\/p>\n\n\n\n<p>Professores e alunos foram impedidos de acompanhar a solenidade por agentes da Guarda Municipal de Itapaj\u00e9 e seguran\u00e7as terceirizados. Houve tumulto e troca de empurr\u00f5es, porque os manifestantes tentaram furar o cord\u00e3o de isolamento.<\/p>\n\n\n\n<p>Estudantes levaram faixas e cartazes com a mensagem: &#8220;Para poucos \u00e9 o Governo Bolsonaro&#8221; em refer\u00eancia \u00e0 declara\u00e7\u00e3o do ministro Milton Ribeiro, no \u00faltimo dia 10 de agosto, sobre o acesso ao ensino superior.<\/p>\n\n\n\n<figure class=\"wp-block-image size-large\"><img loading=\"lazy\" decoding=\"async\" width=\"1024\" height=\"577\" src=\"https:\/\/blogdorogeriogomes.com.br\/wp-content\/uploads\/2021\/08\/protesto-1024x577.jpg\" alt=\"\" class=\"wp-image-22533\" srcset=\"https:\/\/blogdorogeriogomes.com.br\/noticias\/wp-content\/uploads\/2021\/08\/protesto-1024x577.jpg 1024w, https:\/\/blogdorogeriogomes.com.br\/noticias\/wp-content\/uploads\/2021\/08\/protesto-300x169.jpg 300w, https:\/\/blogdorogeriogomes.com.br\/noticias\/wp-content\/uploads\/2021\/08\/protesto-768x433.jpg 768w, https:\/\/blogdorogeriogomes.com.br\/noticias\/wp-content\/uploads\/2021\/08\/protesto-800x451.jpg 800w, https:\/\/blogdorogeriogomes.com.br\/noticias\/wp-content\/uploads\/2021\/08\/protesto.jpg 1277w\" sizes=\"auto, (max-width: 1024px) 100vw, 1024px\" \/><\/figure>\n","protected":false},"excerpt":{"rendered":"<p>Depois de declara\u00e7\u00f5es cheias de preconceito contra alunos deficientes e de estudantes de baixa renda que buscam vaga no Ensino Superior, o ministro da Educa\u00e7\u00e3o, Milton Ribeiro, esteve nesta sexta-feira, dia 27 de agosto, no interior do Cear\u00e1 e enfrentou protestos de alunos e professores. Ele veio acompanhar a inaugura\u00e7\u00e3o do Campus da UFC em Itapaj\u00e9. Professores e alunos foram impedidos de acompanhar a solenidade por agentes da Guarda Municipal de Itapaj\u00e9 e seguran\u00e7as terceirizados. Houve tumulto e troca&hellip;<\/p>\n","protected":false},"author":1,"featured_media":22533,"comment_status":"open","ping_status":"open","sticky":false,"template":"","format":"standard","meta":{"footnotes":""},"categories":[1],"tags":[],"class_list":["post-22532","post","type-post","status-publish","format-standard","has-post-thumbnail","hentry","category-noticias"],"_links":{"self":[{"href":"https:\/\/blogdorogeriogomes.com.br\/noticias\/wp-json\/wp\/v2\/posts\/22532","targetHints":{"allow":["GET"]}}],"collection":[{"href":"https:\/\/blogdorogeriogomes.com.br\/noticias\/wp-json\/wp\/v2\/posts"}],"about":[{"href":"https:\/\/blogdorogeriogomes.com.br\/noticias\/wp-json\/wp\/v2\/types\/post"}],"author":[{"embeddable":true,"href":"https:\/\/blogdorogeriogomes.com.br\/noticias\/wp-json\/wp\/v2\/users\/1"}],"replies":[{"embeddable":true,"href":"https:\/\/blogdorogeriogomes.com.br\/noticias\/wp-json\/wp\/v2\/comments?post=22532"}],"version-history":[{"count":1,"href":"https:\/\/blogdorogeriogomes.com.br\/noticias\/wp-json\/wp\/v2\/posts\/22532\/revisions"}],"predecessor-version":[{"id":22534,"href":"https:\/\/blogdorogeriogomes.com.br\/noticias\/wp-json\/wp\/v2\/posts\/22532\/revisions\/22534"}],"wp:featuredmedia":[{"embeddable":true,"href":"https:\/\/blogdorogeriogomes.com.br\/noticias\/wp-json\/wp\/v2\/media\/22533"}],"wp:attachment":[{"href":"https:\/\/blogdorogeriogomes.com.br\/noticias\/wp-json\/wp\/v2\/media?parent=22532"}],"wp:term":[{"taxonomy":"category","embeddable":true,"href":"https:\/\/blogdorogeriogomes.com.br\/noticias\/wp-json\/wp\/v2\/categories?post=22532"},{"taxonomy":"post_tag","embeddable":true,"href":"https:\/\/blogdorogeriogomes.com.br\/noticias\/wp-json\/wp\/v2\/tags?post=22532"}],"curies":[{"name":"wp","href":"https:\/\/api.w.org\/{rel}","templated":true}]}}