{"id":22538,"date":"2021-08-28T10:18:12","date_gmt":"2021-08-28T10:18:12","guid":{"rendered":"https:\/\/blogdorogeriogomes.com.br\/?p=22538"},"modified":"2021-08-30T10:46:41","modified_gmt":"2021-08-30T10:46:41","slug":"camara-dos-deputados-vota-quarentena-para-candidatos-militares-e-juizes-na-proxima-quinta-feira","status":"publish","type":"post","link":"https:\/\/blogdorogeriogomes.com.br\/noticias\/2021\/08\/camara-dos-deputados-vota-quarentena-para-candidatos-militares-e-juizes-na-proxima-quinta-feira\/","title":{"rendered":"C\u00e2mara dos Deputados vota quarentena para candidatos militares e ju\u00edzes na pr\u00f3xima quinta-feira"},"content":{"rendered":"\n<p>Deputados federais devem votar em plen\u00e1rio, na pr\u00f3xima quinta-feira, dia 2 de setembro, a proposta que define uma quarentena de cinco anos para que militares, policiais, ju\u00edzes e promotores disputem elei\u00e7\u00f5es. A proposta \u00e9 da deputada Margarete Coelho, do PP do Piau\u00ed e tem o apoio do presidente da C\u00e2mara, Arthur Lira, assim como do ministro da Casa Civil, Ciro Nogueira, principal cacique do PP. Tamb\u00e9m conta com o apoio de outras siglas do Centr\u00e3o, como o PL, al\u00e9m da oposi\u00e7\u00e3o.&#8221;<br>No entanto, o Pal\u00e1cio do Planalto se movimenta para fazer com que a medida passe a valer apenas a partir do pleito de 2026. Afinal, o principal apoio do presidente Jair Bolsonaro est\u00e1 na chamada &#8220;bancada da bala&#8221;, que s\u00f3 tem crescido nas \u00faltimas elei\u00e7\u00f5es.<\/p>\n\n\n\n<p>Caso seja aprovada e sancionada at\u00e9 o in\u00edcio de outubro deste ano para valer na elei\u00e7\u00e3o de 2022, a proposta inviabilizaria eventuais pretens\u00f5es pol\u00edticas de policiais e militares que buscam surfar na onda do bolsonarismo, como o general Eduardo Pazuello, al\u00e9m do ex-ministro e ex-juiz Sergio Moro.<br><\/p>\n\n\n\n<figure class=\"wp-block-image size-large\"><img loading=\"lazy\" decoding=\"async\" width=\"678\" height=\"452\" src=\"https:\/\/blogdorogeriogomes.com.br\/wp-content\/uploads\/2021\/08\/images-24.jpeg\" alt=\"\" class=\"wp-image-22539\" srcset=\"https:\/\/blogdorogeriogomes.com.br\/noticias\/wp-content\/uploads\/2021\/08\/images-24.jpeg 678w, https:\/\/blogdorogeriogomes.com.br\/noticias\/wp-content\/uploads\/2021\/08\/images-24-300x200.jpeg 300w\" sizes=\"auto, (max-width: 678px) 100vw, 678px\" \/><\/figure>\n","protected":false},"excerpt":{"rendered":"<p>Deputados federais devem votar em plen\u00e1rio, na pr\u00f3xima quinta-feira, dia 2 de setembro, a proposta que define uma quarentena de cinco anos para que militares, policiais, ju\u00edzes e promotores disputem elei\u00e7\u00f5es. A proposta \u00e9 da deputada Margarete Coelho, do PP do Piau\u00ed e tem o apoio do presidente da C\u00e2mara, Arthur Lira, assim como do ministro da Casa Civil, Ciro Nogueira, principal cacique do PP. Tamb\u00e9m conta com o apoio de outras siglas do Centr\u00e3o, como o PL, al\u00e9m&hellip;<\/p>\n","protected":false},"author":1,"featured_media":22539,"comment_status":"open","ping_status":"open","sticky":false,"template":"","format":"standard","meta":{"footnotes":""},"categories":[1],"tags":[],"class_list":["post-22538","post","type-post","status-publish","format-standard","has-post-thumbnail","hentry","category-noticias"],"_links":{"self":[{"href":"https:\/\/blogdorogeriogomes.com.br\/noticias\/wp-json\/wp\/v2\/posts\/22538","targetHints":{"allow":["GET"]}}],"collection":[{"href":"https:\/\/blogdorogeriogomes.com.br\/noticias\/wp-json\/wp\/v2\/posts"}],"about":[{"href":"https:\/\/blogdorogeriogomes.com.br\/noticias\/wp-json\/wp\/v2\/types\/post"}],"author":[{"embeddable":true,"href":"https:\/\/blogdorogeriogomes.com.br\/noticias\/wp-json\/wp\/v2\/users\/1"}],"replies":[{"embeddable":true,"href":"https:\/\/blogdorogeriogomes.com.br\/noticias\/wp-json\/wp\/v2\/comments?post=22538"}],"version-history":[{"count":1,"href":"https:\/\/blogdorogeriogomes.com.br\/noticias\/wp-json\/wp\/v2\/posts\/22538\/revisions"}],"predecessor-version":[{"id":22540,"href":"https:\/\/blogdorogeriogomes.com.br\/noticias\/wp-json\/wp\/v2\/posts\/22538\/revisions\/22540"}],"wp:featuredmedia":[{"embeddable":true,"href":"https:\/\/blogdorogeriogomes.com.br\/noticias\/wp-json\/wp\/v2\/media\/22539"}],"wp:attachment":[{"href":"https:\/\/blogdorogeriogomes.com.br\/noticias\/wp-json\/wp\/v2\/media?parent=22538"}],"wp:term":[{"taxonomy":"category","embeddable":true,"href":"https:\/\/blogdorogeriogomes.com.br\/noticias\/wp-json\/wp\/v2\/categories?post=22538"},{"taxonomy":"post_tag","embeddable":true,"href":"https:\/\/blogdorogeriogomes.com.br\/noticias\/wp-json\/wp\/v2\/tags?post=22538"}],"curies":[{"name":"wp","href":"https:\/\/api.w.org\/{rel}","templated":true}]}}