{"id":22541,"date":"2021-08-28T10:39:47","date_gmt":"2021-08-28T10:39:47","guid":{"rendered":"https:\/\/blogdorogeriogomes.com.br\/?p=22541"},"modified":"2021-08-30T10:46:56","modified_gmt":"2021-08-30T10:46:56","slug":"aneel-mantem-reajuste-de-bandeira-vermelha-e-preco-das-contas-de-energia-deve-disparar","status":"publish","type":"post","link":"https:\/\/blogdorogeriogomes.com.br\/noticias\/2021\/08\/aneel-mantem-reajuste-de-bandeira-vermelha-e-preco-das-contas-de-energia-deve-disparar\/","title":{"rendered":"Aneel mant\u00e9m reajuste de bandeira vermelha e pre\u00e7o das contas de energia deve disparar"},"content":{"rendered":"\n<p>Preparem os bolsos. A Ag\u00eancia Nacional de Energia El\u00e9trica (Aneel) confirmou que as contas de energia seguir\u00e3o com a cobran\u00e7a da&nbsp;bandeira vermelha patamar 2, neste m\u00eas&nbsp;de setembro. A Aneel reajustou o seu sistema de bandeiras e anunciou ainda em julho um reajuste de 52% na bandeira vermelha patamar 2, o que deve fazer com que a conta de energia el\u00e9trica venha ficar mais salgada nos pr\u00f3ximos meses. Na bandeira vermelha patamar 2, a tarifa sofre acr\u00e9scimo de R$ 9,49 por cada 100 quilowatts-hora (KWh) consumidos.<\/p>\n\n\n\n<p>O Brasil sofre a pior crise h\u00eddrica em 91 anos, o que impacta diretamente o setor energ\u00e9tico.&nbsp;A exemplo da pandemia da Covid-19, o Governo Federal demorou para agir. Diante de uma amea\u00e7a de apag\u00f5es at\u00e9 o fim do ano, o Planalto come\u00e7a a alertar a popula\u00e7\u00e3o para economizar energia. <\/p>\n\n\n\n<p>O temor \u00e9 que, com energia mais cara, a tend\u00eancia \u00e9 de encarecimento de produtos e de servi\u00e7os. Para um pa\u00eds que j\u00e1 est\u00e1 com a economia fragilizada, as consequ\u00eancias podem ser as piores.<\/p>\n\n\n\n<figure class=\"wp-block-image size-large\"><img loading=\"lazy\" decoding=\"async\" width=\"640\" height=\"450\" src=\"https:\/\/blogdorogeriogomes.com.br\/wp-content\/uploads\/2021\/08\/images-25.jpeg\" alt=\"\" class=\"wp-image-22542\" srcset=\"https:\/\/blogdorogeriogomes.com.br\/noticias\/wp-content\/uploads\/2021\/08\/images-25.jpeg 640w, https:\/\/blogdorogeriogomes.com.br\/noticias\/wp-content\/uploads\/2021\/08\/images-25-300x211.jpeg 300w\" sizes=\"auto, (max-width: 640px) 100vw, 640px\" \/><\/figure>\n\n\n\n<p><\/p>\n","protected":false},"excerpt":{"rendered":"<p>Preparem os bolsos. A Ag\u00eancia Nacional de Energia El\u00e9trica (Aneel) confirmou que as contas de energia seguir\u00e3o com a cobran\u00e7a da&nbsp;bandeira vermelha patamar 2, neste m\u00eas&nbsp;de setembro. A Aneel reajustou o seu sistema de bandeiras e anunciou ainda em julho um reajuste de 52% na bandeira vermelha patamar 2, o que deve fazer com que a conta de energia el\u00e9trica venha ficar mais salgada nos pr\u00f3ximos meses. Na bandeira vermelha patamar 2, a tarifa sofre acr\u00e9scimo de R$ 9,49&hellip;<\/p>\n","protected":false},"author":1,"featured_media":22542,"comment_status":"open","ping_status":"open","sticky":false,"template":"","format":"standard","meta":{"footnotes":""},"categories":[1],"tags":[],"class_list":["post-22541","post","type-post","status-publish","format-standard","has-post-thumbnail","hentry","category-noticias"],"_links":{"self":[{"href":"https:\/\/blogdorogeriogomes.com.br\/noticias\/wp-json\/wp\/v2\/posts\/22541","targetHints":{"allow":["GET"]}}],"collection":[{"href":"https:\/\/blogdorogeriogomes.com.br\/noticias\/wp-json\/wp\/v2\/posts"}],"about":[{"href":"https:\/\/blogdorogeriogomes.com.br\/noticias\/wp-json\/wp\/v2\/types\/post"}],"author":[{"embeddable":true,"href":"https:\/\/blogdorogeriogomes.com.br\/noticias\/wp-json\/wp\/v2\/users\/1"}],"replies":[{"embeddable":true,"href":"https:\/\/blogdorogeriogomes.com.br\/noticias\/wp-json\/wp\/v2\/comments?post=22541"}],"version-history":[{"count":2,"href":"https:\/\/blogdorogeriogomes.com.br\/noticias\/wp-json\/wp\/v2\/posts\/22541\/revisions"}],"predecessor-version":[{"id":22548,"href":"https:\/\/blogdorogeriogomes.com.br\/noticias\/wp-json\/wp\/v2\/posts\/22541\/revisions\/22548"}],"wp:featuredmedia":[{"embeddable":true,"href":"https:\/\/blogdorogeriogomes.com.br\/noticias\/wp-json\/wp\/v2\/media\/22542"}],"wp:attachment":[{"href":"https:\/\/blogdorogeriogomes.com.br\/noticias\/wp-json\/wp\/v2\/media?parent=22541"}],"wp:term":[{"taxonomy":"category","embeddable":true,"href":"https:\/\/blogdorogeriogomes.com.br\/noticias\/wp-json\/wp\/v2\/categories?post=22541"},{"taxonomy":"post_tag","embeddable":true,"href":"https:\/\/blogdorogeriogomes.com.br\/noticias\/wp-json\/wp\/v2\/tags?post=22541"}],"curies":[{"name":"wp","href":"https:\/\/api.w.org\/{rel}","templated":true}]}}