{"id":22544,"date":"2021-08-30T10:32:07","date_gmt":"2021-08-30T10:32:07","guid":{"rendered":"https:\/\/blogdorogeriogomes.com.br\/?p=22544"},"modified":"2021-08-30T10:47:28","modified_gmt":"2021-08-30T10:47:28","slug":"fortaleza-imuniza-adolescentes-na-faixa-etaria-de-14-anos-nesta-segunda-feira","status":"publish","type":"post","link":"https:\/\/blogdorogeriogomes.com.br\/noticias\/2021\/08\/fortaleza-imuniza-adolescentes-na-faixa-etaria-de-14-anos-nesta-segunda-feira\/","title":{"rendered":"Fortaleza imuniza adolescentes na faixa et\u00e1ria de 14 anos nesta segunda-feira"},"content":{"rendered":"\n<p>A Prefeitura de Fortaleza pretende vacinar contra a Covid-19 cerca de 66 mil pessoas por agendamento, nesta segunda-feira, dia 30 de agosto, e ter\u00e7a-feira, dia 31. Haver\u00e1 vacina\u00e7\u00e3o de adolescentes na faixa et\u00e1ria de 14 anos, como tamb\u00e9m repescagem de adultos para primeira dose, por agendamento, beneficiando pessoas com at\u00e9 26 anos. &nbsp;O Centro de Eventos do Cear\u00e1 possui todas as marcas de vacinas (Pfizer, AstraZeneca e CoronaVac), enquanto nos postos de sa\u00fade h\u00e1 imunizante da marca AstraZeneca e os Cucas, da CoronaVac.<\/p>\n\n\n\n<p>No fim de semana, Fortaleza aplicou&nbsp;39.058 doses de vacinas contra Covid-19. O n\u00famero inclui adolescentes do p\u00fablico geral, adultos reagendados para a 1\u00aa dose, quem tem acima de 40 anos e os que chegaram \u00e0 data limite para 2\u00aa dose.&nbsp;<\/p>\n\n\n\n<p>Ainda nesta segunda-feira, o Cear\u00e1 recebe um novo lote de vacinas contra a Covid-19. Ser\u00e3o 117.120 imunizantes, sendo 75 mil vacinas da AstraZeneca e mais 42.120 da Pfizer.<\/p>\n\n\n\n<figure class=\"wp-block-image size-large\"><img loading=\"lazy\" decoding=\"async\" width=\"984\" height=\"578\" src=\"https:\/\/blogdorogeriogomes.com.br\/wp-content\/uploads\/2021\/08\/lista-de-vacinacao.jpg\" alt=\"\" class=\"wp-image-22545\" srcset=\"https:\/\/blogdorogeriogomes.com.br\/noticias\/wp-content\/uploads\/2021\/08\/lista-de-vacinacao.jpg 984w, https:\/\/blogdorogeriogomes.com.br\/noticias\/wp-content\/uploads\/2021\/08\/lista-de-vacinacao-300x176.jpg 300w, https:\/\/blogdorogeriogomes.com.br\/noticias\/wp-content\/uploads\/2021\/08\/lista-de-vacinacao-768x451.jpg 768w, https:\/\/blogdorogeriogomes.com.br\/noticias\/wp-content\/uploads\/2021\/08\/lista-de-vacinacao-800x470.jpg 800w\" sizes=\"auto, (max-width: 984px) 100vw, 984px\" \/><\/figure>\n","protected":false},"excerpt":{"rendered":"<p>A Prefeitura de Fortaleza pretende vacinar contra a Covid-19 cerca de 66 mil pessoas por agendamento, nesta segunda-feira, dia 30 de agosto, e ter\u00e7a-feira, dia 31. Haver\u00e1 vacina\u00e7\u00e3o de adolescentes na faixa et\u00e1ria de 14 anos, como tamb\u00e9m repescagem de adultos para primeira dose, por agendamento, beneficiando pessoas com at\u00e9 26 anos. &nbsp;O Centro de Eventos do Cear\u00e1 possui todas as marcas de vacinas (Pfizer, AstraZeneca e CoronaVac), enquanto nos postos de sa\u00fade h\u00e1 imunizante da marca AstraZeneca e&hellip;<\/p>\n","protected":false},"author":1,"featured_media":22545,"comment_status":"open","ping_status":"open","sticky":false,"template":"","format":"standard","meta":{"footnotes":""},"categories":[1],"tags":[],"class_list":["post-22544","post","type-post","status-publish","format-standard","has-post-thumbnail","hentry","category-noticias"],"_links":{"self":[{"href":"https:\/\/blogdorogeriogomes.com.br\/noticias\/wp-json\/wp\/v2\/posts\/22544","targetHints":{"allow":["GET"]}}],"collection":[{"href":"https:\/\/blogdorogeriogomes.com.br\/noticias\/wp-json\/wp\/v2\/posts"}],"about":[{"href":"https:\/\/blogdorogeriogomes.com.br\/noticias\/wp-json\/wp\/v2\/types\/post"}],"author":[{"embeddable":true,"href":"https:\/\/blogdorogeriogomes.com.br\/noticias\/wp-json\/wp\/v2\/users\/1"}],"replies":[{"embeddable":true,"href":"https:\/\/blogdorogeriogomes.com.br\/noticias\/wp-json\/wp\/v2\/comments?post=22544"}],"version-history":[{"count":2,"href":"https:\/\/blogdorogeriogomes.com.br\/noticias\/wp-json\/wp\/v2\/posts\/22544\/revisions"}],"predecessor-version":[{"id":22549,"href":"https:\/\/blogdorogeriogomes.com.br\/noticias\/wp-json\/wp\/v2\/posts\/22544\/revisions\/22549"}],"wp:featuredmedia":[{"embeddable":true,"href":"https:\/\/blogdorogeriogomes.com.br\/noticias\/wp-json\/wp\/v2\/media\/22545"}],"wp:attachment":[{"href":"https:\/\/blogdorogeriogomes.com.br\/noticias\/wp-json\/wp\/v2\/media?parent=22544"}],"wp:term":[{"taxonomy":"category","embeddable":true,"href":"https:\/\/blogdorogeriogomes.com.br\/noticias\/wp-json\/wp\/v2\/categories?post=22544"},{"taxonomy":"post_tag","embeddable":true,"href":"https:\/\/blogdorogeriogomes.com.br\/noticias\/wp-json\/wp\/v2\/tags?post=22544"}],"curies":[{"name":"wp","href":"https:\/\/api.w.org\/{rel}","templated":true}]}}