{"id":22550,"date":"2021-08-30T11:10:27","date_gmt":"2021-08-30T11:10:27","guid":{"rendered":"https:\/\/blogdorogeriogomes.com.br\/?p=22550"},"modified":"2021-08-31T18:46:51","modified_gmt":"2021-08-31T18:46:51","slug":"medicao-de-temperatura-de-clientes-em-bares-e-restaurantes-deixa-de-ser-obrigatoria-no-ceara","status":"publish","type":"post","link":"https:\/\/blogdorogeriogomes.com.br\/noticias\/2021\/08\/medicao-de-temperatura-de-clientes-em-bares-e-restaurantes-deixa-de-ser-obrigatoria-no-ceara\/","title":{"rendered":"Medi\u00e7\u00e3o de temperatura de clientes em bares e restaurantes deixa de ser obrigat\u00f3ria no Cear\u00e1"},"content":{"rendered":"\n<p>Ap\u00f3s encontro com o presidente da Associa\u00e7\u00e3o de Bares e Restaurantes (Abrasel-CE), Taiene Righetto, o governador Camilo Santana confirmou que a aferi\u00e7\u00e3o da temperatura de clientes na entrada de bares e restaurantes&nbsp;do Cear\u00e1 como medida sanit\u00e1ria contra a Covid deixou de ser obrigat\u00f3ria. A medida come\u00e7ou a valer no \u00faltimo fim de semana.<\/p>\n\n\n\n<p>O pedido da Abrasel ao governador se deve ao fato de que o uso do dispositivo para detectar se o cliente est\u00e1 com febre gera custos adicionais aos estabelecimentos.&nbsp;O Minist\u00e9rio P\u00fablico do Cear\u00e1 tamb\u00e9m j\u00e1 tinha questionado a efic\u00e1cia do protocolo de temperatura e considerou n\u00e3o haver motivos para a continuidade nos bares e restaurantes. O MPCE recomendou \u00e0 Secretaria de Sa\u00fade do Cear\u00e1 a suspens\u00e3o da medida.<\/p>\n\n\n\n<figure class=\"wp-block-image size-large\"><img loading=\"lazy\" decoding=\"async\" width=\"828\" height=\"557\" src=\"https:\/\/blogdorogeriogomes.com.br\/wp-content\/uploads\/2021\/08\/20c3c0c2-d12b-46f9-a46a-c6acfc9027642.jpg\" alt=\"\" class=\"wp-image-22551\" srcset=\"https:\/\/blogdorogeriogomes.com.br\/noticias\/wp-content\/uploads\/2021\/08\/20c3c0c2-d12b-46f9-a46a-c6acfc9027642.jpg 828w, https:\/\/blogdorogeriogomes.com.br\/noticias\/wp-content\/uploads\/2021\/08\/20c3c0c2-d12b-46f9-a46a-c6acfc9027642-300x202.jpg 300w, https:\/\/blogdorogeriogomes.com.br\/noticias\/wp-content\/uploads\/2021\/08\/20c3c0c2-d12b-46f9-a46a-c6acfc9027642-768x517.jpg 768w, https:\/\/blogdorogeriogomes.com.br\/noticias\/wp-content\/uploads\/2021\/08\/20c3c0c2-d12b-46f9-a46a-c6acfc9027642-800x538.jpg 800w\" sizes=\"auto, (max-width: 828px) 100vw, 828px\" \/><\/figure>\n","protected":false},"excerpt":{"rendered":"<p>Ap\u00f3s encontro com o presidente da Associa\u00e7\u00e3o de Bares e Restaurantes (Abrasel-CE), Taiene Righetto, o governador Camilo Santana confirmou que a aferi\u00e7\u00e3o da temperatura de clientes na entrada de bares e restaurantes&nbsp;do Cear\u00e1 como medida sanit\u00e1ria contra a Covid deixou de ser obrigat\u00f3ria. A medida come\u00e7ou a valer no \u00faltimo fim de semana. O pedido da Abrasel ao governador se deve ao fato de que o uso do dispositivo para detectar se o cliente est\u00e1 com febre gera custos&hellip;<\/p>\n","protected":false},"author":1,"featured_media":22551,"comment_status":"open","ping_status":"open","sticky":false,"template":"","format":"standard","meta":{"footnotes":""},"categories":[1],"tags":[],"class_list":["post-22550","post","type-post","status-publish","format-standard","has-post-thumbnail","hentry","category-noticias"],"_links":{"self":[{"href":"https:\/\/blogdorogeriogomes.com.br\/noticias\/wp-json\/wp\/v2\/posts\/22550","targetHints":{"allow":["GET"]}}],"collection":[{"href":"https:\/\/blogdorogeriogomes.com.br\/noticias\/wp-json\/wp\/v2\/posts"}],"about":[{"href":"https:\/\/blogdorogeriogomes.com.br\/noticias\/wp-json\/wp\/v2\/types\/post"}],"author":[{"embeddable":true,"href":"https:\/\/blogdorogeriogomes.com.br\/noticias\/wp-json\/wp\/v2\/users\/1"}],"replies":[{"embeddable":true,"href":"https:\/\/blogdorogeriogomes.com.br\/noticias\/wp-json\/wp\/v2\/comments?post=22550"}],"version-history":[{"count":2,"href":"https:\/\/blogdorogeriogomes.com.br\/noticias\/wp-json\/wp\/v2\/posts\/22550\/revisions"}],"predecessor-version":[{"id":22565,"href":"https:\/\/blogdorogeriogomes.com.br\/noticias\/wp-json\/wp\/v2\/posts\/22550\/revisions\/22565"}],"wp:featuredmedia":[{"embeddable":true,"href":"https:\/\/blogdorogeriogomes.com.br\/noticias\/wp-json\/wp\/v2\/media\/22551"}],"wp:attachment":[{"href":"https:\/\/blogdorogeriogomes.com.br\/noticias\/wp-json\/wp\/v2\/media?parent=22550"}],"wp:term":[{"taxonomy":"category","embeddable":true,"href":"https:\/\/blogdorogeriogomes.com.br\/noticias\/wp-json\/wp\/v2\/categories?post=22550"},{"taxonomy":"post_tag","embeddable":true,"href":"https:\/\/blogdorogeriogomes.com.br\/noticias\/wp-json\/wp\/v2\/tags?post=22550"}],"curies":[{"name":"wp","href":"https:\/\/api.w.org\/{rel}","templated":true}]}}