{"id":22553,"date":"2021-08-30T20:32:40","date_gmt":"2021-08-30T20:32:40","guid":{"rendered":"https:\/\/blogdorogeriogomes.com.br\/?p=22553"},"modified":"2021-08-31T18:46:51","modified_gmt":"2021-08-31T18:46:51","slug":"etufor-prorroga-validade-da-carteira-de-estudante-ate-o-fim-de-setembro","status":"publish","type":"post","link":"https:\/\/blogdorogeriogomes.com.br\/noticias\/2021\/08\/etufor-prorroga-validade-da-carteira-de-estudante-ate-o-fim-de-setembro\/","title":{"rendered":"Etufor prorroga validade da carteira de estudante at\u00e9 o fim de setembro"},"content":{"rendered":"\n<p>A Etufor prorrogou o prazo de&nbsp;validade das carteiras estudantis em Fortaleza at\u00e9 o dia 30 de setembro. At\u00e9 agosto, a Prefeitura de Fortaleza j\u00e1 registrou quase 235 mil solicita\u00e7\u00f5es do documento de 2021 por alunos das redes p\u00fablica e privada. <\/p>\n\n\n\n<p>Os interessados em solicitar a carteira estudantil devem acessar a plataforma digital da Etufor, enviar os documentos e aguardar a valida\u00e7\u00e3o do processo por e-mail. Os estudantes podem realizar ou atualizar a biometria facial atrav\u00e9s da plataforma digital.<\/p>\n\n\n\n<p>Depois da confirma\u00e7\u00e3o das matr\u00edculas, as carteiras de estudantes ser\u00e3o desbloqueadas pela Etufor e entregues \u00e0s entidades estudantis para distribui\u00e7\u00e3o dos documentos.<\/p>\n\n\n\n<figure class=\"wp-block-image size-large\"><img loading=\"lazy\" decoding=\"async\" width=\"984\" height=\"554\" src=\"https:\/\/blogdorogeriogomes.com.br\/wp-content\/uploads\/2021\/08\/carteira.jpg\" alt=\"\" class=\"wp-image-22554\" srcset=\"https:\/\/blogdorogeriogomes.com.br\/noticias\/wp-content\/uploads\/2021\/08\/carteira.jpg 984w, https:\/\/blogdorogeriogomes.com.br\/noticias\/wp-content\/uploads\/2021\/08\/carteira-300x169.jpg 300w, https:\/\/blogdorogeriogomes.com.br\/noticias\/wp-content\/uploads\/2021\/08\/carteira-768x432.jpg 768w, https:\/\/blogdorogeriogomes.com.br\/noticias\/wp-content\/uploads\/2021\/08\/carteira-800x450.jpg 800w\" sizes=\"auto, (max-width: 984px) 100vw, 984px\" \/><\/figure>\n","protected":false},"excerpt":{"rendered":"<p>A Etufor prorrogou o prazo de&nbsp;validade das carteiras estudantis em Fortaleza at\u00e9 o dia 30 de setembro. At\u00e9 agosto, a Prefeitura de Fortaleza j\u00e1 registrou quase 235 mil solicita\u00e7\u00f5es do documento de 2021 por alunos das redes p\u00fablica e privada. Os interessados em solicitar a carteira estudantil devem acessar a plataforma digital da Etufor, enviar os documentos e aguardar a valida\u00e7\u00e3o do processo por e-mail. Os estudantes podem realizar ou atualizar a biometria facial atrav\u00e9s da plataforma digital. Depois&hellip;<\/p>\n","protected":false},"author":1,"featured_media":22554,"comment_status":"open","ping_status":"open","sticky":false,"template":"","format":"standard","meta":{"footnotes":""},"categories":[1],"tags":[],"class_list":["post-22553","post","type-post","status-publish","format-standard","has-post-thumbnail","hentry","category-noticias"],"_links":{"self":[{"href":"https:\/\/blogdorogeriogomes.com.br\/noticias\/wp-json\/wp\/v2\/posts\/22553","targetHints":{"allow":["GET"]}}],"collection":[{"href":"https:\/\/blogdorogeriogomes.com.br\/noticias\/wp-json\/wp\/v2\/posts"}],"about":[{"href":"https:\/\/blogdorogeriogomes.com.br\/noticias\/wp-json\/wp\/v2\/types\/post"}],"author":[{"embeddable":true,"href":"https:\/\/blogdorogeriogomes.com.br\/noticias\/wp-json\/wp\/v2\/users\/1"}],"replies":[{"embeddable":true,"href":"https:\/\/blogdorogeriogomes.com.br\/noticias\/wp-json\/wp\/v2\/comments?post=22553"}],"version-history":[{"count":2,"href":"https:\/\/blogdorogeriogomes.com.br\/noticias\/wp-json\/wp\/v2\/posts\/22553\/revisions"}],"predecessor-version":[{"id":22568,"href":"https:\/\/blogdorogeriogomes.com.br\/noticias\/wp-json\/wp\/v2\/posts\/22553\/revisions\/22568"}],"wp:featuredmedia":[{"embeddable":true,"href":"https:\/\/blogdorogeriogomes.com.br\/noticias\/wp-json\/wp\/v2\/media\/22554"}],"wp:attachment":[{"href":"https:\/\/blogdorogeriogomes.com.br\/noticias\/wp-json\/wp\/v2\/media?parent=22553"}],"wp:term":[{"taxonomy":"category","embeddable":true,"href":"https:\/\/blogdorogeriogomes.com.br\/noticias\/wp-json\/wp\/v2\/categories?post=22553"},{"taxonomy":"post_tag","embeddable":true,"href":"https:\/\/blogdorogeriogomes.com.br\/noticias\/wp-json\/wp\/v2\/tags?post=22553"}],"curies":[{"name":"wp","href":"https:\/\/api.w.org\/{rel}","templated":true}]}}