{"id":22556,"date":"2021-08-31T00:20:16","date_gmt":"2021-08-31T00:20:16","guid":{"rendered":"https:\/\/blogdorogeriogomes.com.br\/?p=22556"},"modified":"2021-08-31T18:46:51","modified_gmt":"2021-08-31T18:46:51","slug":"assembleia-legislativa-do-ceara-reune-gestores-municipais-por-prevencao-de-homicidios-de-adolescentes","status":"publish","type":"post","link":"https:\/\/blogdorogeriogomes.com.br\/noticias\/2021\/08\/assembleia-legislativa-do-ceara-reune-gestores-municipais-por-prevencao-de-homicidios-de-adolescentes\/","title":{"rendered":"Assembleia Legislativa do Cear\u00e1 re\u00fane gestores municipais por preven\u00e7\u00e3o de homic\u00eddios de adolescentes"},"content":{"rendered":"\n<p>A Assembleia Legislativa do Cear\u00e1, por meio do Comit\u00ea Cearense pela Preven\u00e7\u00e3o de Homic\u00eddios na Adolesc\u00eancia (CCPHA), reuniu de forma virtual, na tarde desta segunda-feira, dia 30 de agosto, parlamentares, prefeitos, secret\u00e1rios, articuladores e mobilizadores do Selo Unicef no Encontro Cada Vida Importa. A reuni\u00e3o, cujo objetivo \u00e9 pactuar a\u00e7\u00f5es de preven\u00e7\u00e3o de homic\u00eddios de adolescentes com prefeituras e \u00f3rg\u00e3os p\u00fablicos, demonstrou a relev\u00e2ncia e urg\u00eancia da a\u00e7\u00e3o integrada dos munic\u00edpios.<\/p>\n\n\n\n<p>Ao longo do evento, os participantes dialogaram sobre a import\u00e2ncia de mobiliza\u00e7\u00e3o e sensibiliza\u00e7\u00e3o de todos os setores da sociedade cearense para a pauta da viol\u00eancia, que afeta o p\u00fablico mais jovem e vulner\u00e1vel no Cear\u00e1. O encontro foi promovido em parceria com o Fundo das Na\u00e7\u00f5es Unidas para Inf\u00e2ncia (Unicef), Associa\u00e7\u00e3o dos Munic\u00edpios do Estado do Cear\u00e1 (Aprece) e Associa\u00e7\u00e3o para o Desenvolvimento dos Munic\u00edpios do Cear\u00e1 (APDMCE).<\/p>\n\n\n\n<p>Na abertura da reuni\u00e3o, o presidente da Assembleia, deputado Evandro Leit\u00e3o, destacou a import\u00e2ncia de investimentos em educa\u00e7\u00e3o, cultura, esporte, lazer e inclus\u00e3o social em curso no Estado para que as estat\u00edsticas de viol\u00eancia apresentem queda. Evandro citou que o primeiro semestre de 2021 no Cear\u00e1, comparado ao mesmo per\u00edodo do ano passado, apresentou redu\u00e7\u00e3o de 37,66% no n\u00famero de v\u00edtimas adolescentes.<\/p>\n\n\n\n<p>&#8220;N\u00e3o haveria redu\u00e7\u00e3o, se n\u00e3o houvesse investimento em educa\u00e7\u00e3o, como a inclus\u00e3o de 50% das escolas da rede estadual no ensino em tempo integral. Um or\u00e7amento de 3,1 bilh\u00f5es para a \u00e1rea e pol\u00edticas p\u00fablicas continuadas na educa\u00e7\u00e3o, iniciadas h\u00e1 mais de uma d\u00e9cada e que d\u00e3o frutos hoje&#8221;, defendeu Evandro, que reconheceu ainda o trabalho das for\u00e7as de seguran\u00e7a, com investimentos em intelig\u00eancia e pessoal.<\/p>\n\n\n\n<p>Relator do comit\u00ea, o deputado Renato Roseno apresentou dados para enfatizar a necessidade pol\u00edticas p\u00fablicas nos munic\u00edpios para a popula\u00e7\u00e3o mais jovem e mais pobre. &#8220;Essa \u00e9 uma viol\u00eancia que pode ser evitada. A morte n\u00e3o \u00e9 um acontecimento, \u00e9 um processo. Ela come\u00e7a no abandono e \u00e9 necess\u00e1rio superar o abandono&#8221;, afirmou.<\/p>\n\n\n\n<p>Outro destaque do Comit\u00ea foi a convoca\u00e7\u00e3o de todos os munic\u00edpios para a jun\u00e7\u00e3o de for\u00e7as nas a\u00e7\u00f5es de preven\u00e7\u00e3o a homic\u00eddios na &#8216;Semana Cada Vida Importa&#8217;, a ser realizada em novembro, com elabora\u00e7\u00e3o de boletins epidemiol\u00f3gicos e protocolos de apoio \u00e0s fam\u00edlias, dentre outras diretrizes que ser\u00e3o dialogadas.<\/p>\n\n\n\n<p>O representante do Fundo das Na\u00e7\u00f5es Unidas para a Inf\u00e2ncia (Unicef) no Cear\u00e1, Rui Aguiar, alertou aos gestores que n\u00e3o ignorem qualquer possibilidade de crescimento de mortes de adolescentes em suas localidades. &#8220;\u00c0s vezes quando a pessoa v\u00ea o n\u00famero de homic\u00eddios, n\u00e3o identifica o problema como do seu munic\u00edpio. Nos \u00faltimos dez anos, v\u00e1rios munic\u00edpios do Cear\u00e1 come\u00e7aram a registrar alta. \u00c9 importante despertar a consci\u00eancia para buscarmos garantir a vida da adolesc\u00eancia no Estado, que sofre todos os dias&#8221;. O Encontro Cada Vida Importa contou com ampla participa\u00e7\u00e3o de gestores cearenses, envolvendo 287 pessoas de 115 munic\u00edpios.<\/p>\n\n\n\n<figure class=\"wp-block-image size-large\"><img loading=\"lazy\" decoding=\"async\" width=\"1024\" height=\"640\" src=\"https:\/\/blogdorogeriogomes.com.br\/wp-content\/uploads\/2021\/08\/IMG-20210830-WA0097-1024x640.jpg\" alt=\"\" class=\"wp-image-22557\" srcset=\"https:\/\/blogdorogeriogomes.com.br\/noticias\/wp-content\/uploads\/2021\/08\/IMG-20210830-WA0097-1024x640.jpg 1024w, https:\/\/blogdorogeriogomes.com.br\/noticias\/wp-content\/uploads\/2021\/08\/IMG-20210830-WA0097-300x188.jpg 300w, https:\/\/blogdorogeriogomes.com.br\/noticias\/wp-content\/uploads\/2021\/08\/IMG-20210830-WA0097-768x480.jpg 768w, https:\/\/blogdorogeriogomes.com.br\/noticias\/wp-content\/uploads\/2021\/08\/IMG-20210830-WA0097-800x500.jpg 800w, https:\/\/blogdorogeriogomes.com.br\/noticias\/wp-content\/uploads\/2021\/08\/IMG-20210830-WA0097.jpg 1280w\" sizes=\"auto, (max-width: 1024px) 100vw, 1024px\" \/><\/figure>\n","protected":false},"excerpt":{"rendered":"<p>A Assembleia Legislativa do Cear\u00e1, por meio do Comit\u00ea Cearense pela Preven\u00e7\u00e3o de Homic\u00eddios na Adolesc\u00eancia (CCPHA), reuniu de forma virtual, na tarde desta segunda-feira, dia 30 de agosto, parlamentares, prefeitos, secret\u00e1rios, articuladores e mobilizadores do Selo Unicef no Encontro Cada Vida Importa. A reuni\u00e3o, cujo objetivo \u00e9 pactuar a\u00e7\u00f5es de preven\u00e7\u00e3o de homic\u00eddios de adolescentes com prefeituras e \u00f3rg\u00e3os p\u00fablicos, demonstrou a relev\u00e2ncia e urg\u00eancia da a\u00e7\u00e3o integrada dos munic\u00edpios. Ao longo do evento, os participantes dialogaram sobre&hellip;<\/p>\n","protected":false},"author":1,"featured_media":22557,"comment_status":"open","ping_status":"open","sticky":false,"template":"","format":"standard","meta":{"footnotes":""},"categories":[1],"tags":[],"class_list":["post-22556","post","type-post","status-publish","format-standard","has-post-thumbnail","hentry","category-noticias"],"_links":{"self":[{"href":"https:\/\/blogdorogeriogomes.com.br\/noticias\/wp-json\/wp\/v2\/posts\/22556","targetHints":{"allow":["GET"]}}],"collection":[{"href":"https:\/\/blogdorogeriogomes.com.br\/noticias\/wp-json\/wp\/v2\/posts"}],"about":[{"href":"https:\/\/blogdorogeriogomes.com.br\/noticias\/wp-json\/wp\/v2\/types\/post"}],"author":[{"embeddable":true,"href":"https:\/\/blogdorogeriogomes.com.br\/noticias\/wp-json\/wp\/v2\/users\/1"}],"replies":[{"embeddable":true,"href":"https:\/\/blogdorogeriogomes.com.br\/noticias\/wp-json\/wp\/v2\/comments?post=22556"}],"version-history":[{"count":1,"href":"https:\/\/blogdorogeriogomes.com.br\/noticias\/wp-json\/wp\/v2\/posts\/22556\/revisions"}],"predecessor-version":[{"id":22558,"href":"https:\/\/blogdorogeriogomes.com.br\/noticias\/wp-json\/wp\/v2\/posts\/22556\/revisions\/22558"}],"wp:featuredmedia":[{"embeddable":true,"href":"https:\/\/blogdorogeriogomes.com.br\/noticias\/wp-json\/wp\/v2\/media\/22557"}],"wp:attachment":[{"href":"https:\/\/blogdorogeriogomes.com.br\/noticias\/wp-json\/wp\/v2\/media?parent=22556"}],"wp:term":[{"taxonomy":"category","embeddable":true,"href":"https:\/\/blogdorogeriogomes.com.br\/noticias\/wp-json\/wp\/v2\/categories?post=22556"},{"taxonomy":"post_tag","embeddable":true,"href":"https:\/\/blogdorogeriogomes.com.br\/noticias\/wp-json\/wp\/v2\/tags?post=22556"}],"curies":[{"name":"wp","href":"https:\/\/api.w.org\/{rel}","templated":true}]}}