{"id":22562,"date":"2021-08-31T10:52:50","date_gmt":"2021-08-31T10:52:50","guid":{"rendered":"https:\/\/blogdorogeriogomes.com.br\/?p=22562"},"modified":"2021-08-31T18:46:45","modified_gmt":"2021-08-31T18:46:45","slug":"manifestantes-organizam-protestos-no-7-de-setembro-a-favor-e-contra-bolsonaro","status":"publish","type":"post","link":"https:\/\/blogdorogeriogomes.com.br\/noticias\/2021\/08\/manifestantes-organizam-protestos-no-7-de-setembro-a-favor-e-contra-bolsonaro\/","title":{"rendered":"Manifestantes organizam protestos no 7 de setembro a favor e contra Bolsonaro"},"content":{"rendered":"\n<p>As manifesta\u00e7\u00f5es da pr\u00f3xima ter\u00e7a-feira, dia 7 de setembro, geram expectativa nas principais capitais do Pa\u00eds pelo temor de registro de confronto entre aliados e opositores do presidente Jair Bolsonaro. Ele tem incentivado a sua base de apoio a ir \u00e0s ruas contra o STF e o Congresso. Bolsonaro promete ir \u00e0s manifesta\u00e7\u00f5es de Bras\u00edlia e S\u00e3o Paulo.<\/p>\n\n\n\n<p>Mas os protestos nas ruas ser\u00e3o favor\u00e1veis e contra o presidente, que continua a bradar os seus del\u00edrios golpistas. Em S\u00e3o Paulo, por exemplo, a Justi\u00e7a determinou que grupos de oposi\u00e7\u00e3o ao presidente Jair Bolsonaro t\u00eam o direito se manifestar no dia 7 de setembro, o que contraria&nbsp;uma decis\u00e3o do governador Jo\u00e3o Doria (PSDB), que proibiu os opositores de ir \u00e0s ruas no mesmo dia dos aliados do presidente. A decis\u00e3o judicial obriga as for\u00e7as de seguran\u00e7a paulistas a acompanhar as duas manifesta\u00e7\u00f5es.<\/p>\n\n\n\n<p>Os grupos contr\u00e1rios a Bolsonaro se reunir\u00e3o no Vale do Anhangaba\u00fa, na regi\u00e3o central da cidade de S\u00e3o Paulo. J\u00e1 a manifesta\u00e7\u00e3o em apoio a Bolsonaro ocorrer\u00e1 na Avenida Paulista.<\/p>\n\n\n\n<p>Em queda nas pesquisas, Bolsonaro tenta recuperar f\u00f4lego em meio a uma crise institucional provocada por ele mesmo, al\u00e9m das crises sanit\u00e1ria, econ\u00f4mica e social no pa\u00eds. A estrat\u00e9gia do bolsonarismo \u00e9 tachar inimigos externos, como o STF, o TSE, a imprensa e a oposi\u00e7\u00e3o de maneira geral, como os atores que extrapolam as regras democr\u00e1ticas em nome de uma opera\u00e7\u00e3o de persegui\u00e7\u00e3o ao presidente.<\/p>\n\n\n\n<p>O problema \u00e9 que esse discurso s\u00f3 tem colado nos seus apoiadores radicais, que num estado de cegueira pol\u00edtica s\u00f3 fazem diminuir.<\/p>\n\n\n\n<figure class=\"wp-block-image size-large\"><img loading=\"lazy\" decoding=\"async\" width=\"640\" height=\"360\" src=\"https:\/\/blogdorogeriogomes.com.br\/wp-content\/uploads\/2021\/08\/images-27.jpeg\" alt=\"\" class=\"wp-image-22563\" srcset=\"https:\/\/blogdorogeriogomes.com.br\/noticias\/wp-content\/uploads\/2021\/08\/images-27.jpeg 640w, https:\/\/blogdorogeriogomes.com.br\/noticias\/wp-content\/uploads\/2021\/08\/images-27-300x169.jpeg 300w\" sizes=\"auto, (max-width: 640px) 100vw, 640px\" \/><\/figure>\n","protected":false},"excerpt":{"rendered":"<p>As manifesta\u00e7\u00f5es da pr\u00f3xima ter\u00e7a-feira, dia 7 de setembro, geram expectativa nas principais capitais do Pa\u00eds pelo temor de registro de confronto entre aliados e opositores do presidente Jair Bolsonaro. Ele tem incentivado a sua base de apoio a ir \u00e0s ruas contra o STF e o Congresso. Bolsonaro promete ir \u00e0s manifesta\u00e7\u00f5es de Bras\u00edlia e S\u00e3o Paulo. Mas os protestos nas ruas ser\u00e3o favor\u00e1veis e contra o presidente, que continua a bradar os seus del\u00edrios golpistas. Em S\u00e3o&hellip;<\/p>\n","protected":false},"author":1,"featured_media":22563,"comment_status":"open","ping_status":"open","sticky":false,"template":"","format":"standard","meta":{"footnotes":""},"categories":[1],"tags":[],"class_list":["post-22562","post","type-post","status-publish","format-standard","has-post-thumbnail","hentry","category-noticias"],"_links":{"self":[{"href":"https:\/\/blogdorogeriogomes.com.br\/noticias\/wp-json\/wp\/v2\/posts\/22562","targetHints":{"allow":["GET"]}}],"collection":[{"href":"https:\/\/blogdorogeriogomes.com.br\/noticias\/wp-json\/wp\/v2\/posts"}],"about":[{"href":"https:\/\/blogdorogeriogomes.com.br\/noticias\/wp-json\/wp\/v2\/types\/post"}],"author":[{"embeddable":true,"href":"https:\/\/blogdorogeriogomes.com.br\/noticias\/wp-json\/wp\/v2\/users\/1"}],"replies":[{"embeddable":true,"href":"https:\/\/blogdorogeriogomes.com.br\/noticias\/wp-json\/wp\/v2\/comments?post=22562"}],"version-history":[{"count":2,"href":"https:\/\/blogdorogeriogomes.com.br\/noticias\/wp-json\/wp\/v2\/posts\/22562\/revisions"}],"predecessor-version":[{"id":22567,"href":"https:\/\/blogdorogeriogomes.com.br\/noticias\/wp-json\/wp\/v2\/posts\/22562\/revisions\/22567"}],"wp:featuredmedia":[{"embeddable":true,"href":"https:\/\/blogdorogeriogomes.com.br\/noticias\/wp-json\/wp\/v2\/media\/22563"}],"wp:attachment":[{"href":"https:\/\/blogdorogeriogomes.com.br\/noticias\/wp-json\/wp\/v2\/media?parent=22562"}],"wp:term":[{"taxonomy":"category","embeddable":true,"href":"https:\/\/blogdorogeriogomes.com.br\/noticias\/wp-json\/wp\/v2\/categories?post=22562"},{"taxonomy":"post_tag","embeddable":true,"href":"https:\/\/blogdorogeriogomes.com.br\/noticias\/wp-json\/wp\/v2\/tags?post=22562"}],"curies":[{"name":"wp","href":"https:\/\/api.w.org\/{rel}","templated":true}]}}