{"id":22569,"date":"2021-08-31T21:00:53","date_gmt":"2021-08-31T21:00:53","guid":{"rendered":"https:\/\/blogdorogeriogomes.com.br\/?p=22569"},"modified":"2021-09-01T10:40:22","modified_gmt":"2021-09-01T10:40:22","slug":"morre-o-primeiro-paciente-com-a-variante-delta-no-ceara","status":"publish","type":"post","link":"https:\/\/blogdorogeriogomes.com.br\/noticias\/2021\/08\/morre-o-primeiro-paciente-com-a-variante-delta-no-ceara\/","title":{"rendered":"Morre o primeiro paciente com a variante Delta no Cear\u00e1"},"content":{"rendered":"\n<p>O Cear\u00e1 conta hoje com 96 casos confirmados de pessoas com a variante Delta da Covid-19. E nesta ter\u00e7a-feira, dia 31 de agosto, a Secretaria de Sa\u00fade do Estado confirmou a primeira morte de um paciente com esse tipo de variante, que \u00e9 considerada mais contagiosa. Se trata de um homem de 45 anos, que residia em Fortaleza e estava internado num hospital particular. O paciente tinha quadro de obesidade e n\u00e3o se vacinou contra a Covid-19.<\/p>\n\n\n\n<p>Muitos casos da variante Delta registrados no Cear\u00e1 s\u00e3o de pessoas vindas do Rio de Janeiro, que \u00e9 um dos estados brasileiros com maior incid\u00eancia da nova variante. Mas um detalhe relevante \u00e9 que dos 96 casos registrados no Cear\u00e1, apenas 28 s\u00e3o de pessoas que tomaram alguma vacina contra o coronav\u00edrus. Entre os imunizados, ou n\u00e3o surgiram sintomas, ou as manifesta\u00e7\u00f5es foram leves e os pacientes n\u00e3o precisaram de interna\u00e7\u00e3o.<\/p>\n\n\n\n<figure class=\"wp-block-image size-large\"><img loading=\"lazy\" decoding=\"async\" width=\"450\" height=\"337\" src=\"https:\/\/blogdorogeriogomes.com.br\/wp-content\/uploads\/2021\/08\/images-28.jpeg\" alt=\"\" class=\"wp-image-22570\" srcset=\"https:\/\/blogdorogeriogomes.com.br\/noticias\/wp-content\/uploads\/2021\/08\/images-28.jpeg 450w, https:\/\/blogdorogeriogomes.com.br\/noticias\/wp-content\/uploads\/2021\/08\/images-28-300x225.jpeg 300w, https:\/\/blogdorogeriogomes.com.br\/noticias\/wp-content\/uploads\/2021\/08\/images-28-400x300.jpeg 400w\" sizes=\"auto, (max-width: 450px) 100vw, 450px\" \/><\/figure>\n","protected":false},"excerpt":{"rendered":"<p>O Cear\u00e1 conta hoje com 96 casos confirmados de pessoas com a variante Delta da Covid-19. E nesta ter\u00e7a-feira, dia 31 de agosto, a Secretaria de Sa\u00fade do Estado confirmou a primeira morte de um paciente com esse tipo de variante, que \u00e9 considerada mais contagiosa. Se trata de um homem de 45 anos, que residia em Fortaleza e estava internado num hospital particular. O paciente tinha quadro de obesidade e n\u00e3o se vacinou contra a Covid-19. Muitos casos&hellip;<\/p>\n","protected":false},"author":1,"featured_media":22570,"comment_status":"open","ping_status":"open","sticky":false,"template":"","format":"standard","meta":{"footnotes":""},"categories":[1],"tags":[],"class_list":["post-22569","post","type-post","status-publish","format-standard","has-post-thumbnail","hentry","category-noticias"],"_links":{"self":[{"href":"https:\/\/blogdorogeriogomes.com.br\/noticias\/wp-json\/wp\/v2\/posts\/22569","targetHints":{"allow":["GET"]}}],"collection":[{"href":"https:\/\/blogdorogeriogomes.com.br\/noticias\/wp-json\/wp\/v2\/posts"}],"about":[{"href":"https:\/\/blogdorogeriogomes.com.br\/noticias\/wp-json\/wp\/v2\/types\/post"}],"author":[{"embeddable":true,"href":"https:\/\/blogdorogeriogomes.com.br\/noticias\/wp-json\/wp\/v2\/users\/1"}],"replies":[{"embeddable":true,"href":"https:\/\/blogdorogeriogomes.com.br\/noticias\/wp-json\/wp\/v2\/comments?post=22569"}],"version-history":[{"count":1,"href":"https:\/\/blogdorogeriogomes.com.br\/noticias\/wp-json\/wp\/v2\/posts\/22569\/revisions"}],"predecessor-version":[{"id":22571,"href":"https:\/\/blogdorogeriogomes.com.br\/noticias\/wp-json\/wp\/v2\/posts\/22569\/revisions\/22571"}],"wp:featuredmedia":[{"embeddable":true,"href":"https:\/\/blogdorogeriogomes.com.br\/noticias\/wp-json\/wp\/v2\/media\/22570"}],"wp:attachment":[{"href":"https:\/\/blogdorogeriogomes.com.br\/noticias\/wp-json\/wp\/v2\/media?parent=22569"}],"wp:term":[{"taxonomy":"category","embeddable":true,"href":"https:\/\/blogdorogeriogomes.com.br\/noticias\/wp-json\/wp\/v2\/categories?post=22569"},{"taxonomy":"post_tag","embeddable":true,"href":"https:\/\/blogdorogeriogomes.com.br\/noticias\/wp-json\/wp\/v2\/tags?post=22569"}],"curies":[{"name":"wp","href":"https:\/\/api.w.org\/{rel}","templated":true}]}}