{"id":22572,"date":"2021-08-31T22:56:01","date_gmt":"2021-08-31T22:56:01","guid":{"rendered":"https:\/\/blogdorogeriogomes.com.br\/?p=22572"},"modified":"2021-09-01T10:40:15","modified_gmt":"2021-09-01T10:40:15","slug":"tarifa-da-bandeira-vermelha-na-energia-eletrica-e-reajustada-em-quase-50-a-partir-desta-quarta-feira","status":"publish","type":"post","link":"https:\/\/blogdorogeriogomes.com.br\/noticias\/2021\/08\/tarifa-da-bandeira-vermelha-na-energia-eletrica-e-reajustada-em-quase-50-a-partir-desta-quarta-feira\/","title":{"rendered":"Tarifa da bandeira vermelha na energia el\u00e9trica \u00e9 reajustada em quase 50% a partir desta quarta-feira"},"content":{"rendered":"\n<p>O reajuste na energia el\u00e9trica passa a vigorar a partir desta quarta-feira, dia 1\u00b0 de setembro. A Ag\u00eancia Nacional de Energia El\u00e9trica (Aneel) anunciou um novo patamar de bandeira tarif\u00e1ria para as contas de luz de todo o pa\u00eds, que vai adicionar R$ 14,20 \u00e0s faturas para cada 100kW\/h consumidos. O novo valor representa um aumento de 49,6% (ou R$ 4,71) em rela\u00e7\u00e3o \u00e0 atual bandeira vermelha patamar 2 (de R$ 9,49 por 100 kWh).<\/p>\n\n\n\n<p>A previs\u00e3o \u00e9 que a nova bandeira permane\u00e7a em vigor at\u00e9 30 de abril de 2022. A expectativa \u00e9 de aumento de 6,78% na tarifa m\u00e9dia da conta de luz dos consumidores atendidos pelas distribuidoras.<\/p>\n\n\n\n<p>O reajuste na energia el\u00e9trica \u00e9 causado pela piora da crise h\u00eddrica, que tem exigido medidas adicionais do setor el\u00e9trico para n\u00e3o faltar energia em outubro e novembro, considerados os meses que ser\u00e3o os mais cr\u00edticos do ano. <\/p>\n\n\n\n<figure class=\"wp-block-image size-large\"><img loading=\"lazy\" decoding=\"async\" width=\"444\" height=\"291\" src=\"https:\/\/blogdorogeriogomes.com.br\/wp-content\/uploads\/2021\/08\/images-29.jpeg\" alt=\"\" class=\"wp-image-22573\" srcset=\"https:\/\/blogdorogeriogomes.com.br\/noticias\/wp-content\/uploads\/2021\/08\/images-29.jpeg 444w, https:\/\/blogdorogeriogomes.com.br\/noticias\/wp-content\/uploads\/2021\/08\/images-29-300x197.jpeg 300w\" sizes=\"auto, (max-width: 444px) 100vw, 444px\" \/><\/figure>\n","protected":false},"excerpt":{"rendered":"<p>O reajuste na energia el\u00e9trica passa a vigorar a partir desta quarta-feira, dia 1\u00b0 de setembro. A Ag\u00eancia Nacional de Energia El\u00e9trica (Aneel) anunciou um novo patamar de bandeira tarif\u00e1ria para as contas de luz de todo o pa\u00eds, que vai adicionar R$ 14,20 \u00e0s faturas para cada 100kW\/h consumidos. O novo valor representa um aumento de 49,6% (ou R$ 4,71) em rela\u00e7\u00e3o \u00e0 atual bandeira vermelha patamar 2 (de R$ 9,49 por 100 kWh). A previs\u00e3o \u00e9 que&hellip;<\/p>\n","protected":false},"author":1,"featured_media":22573,"comment_status":"open","ping_status":"open","sticky":false,"template":"","format":"standard","meta":{"footnotes":""},"categories":[1],"tags":[],"class_list":["post-22572","post","type-post","status-publish","format-standard","has-post-thumbnail","hentry","category-noticias"],"_links":{"self":[{"href":"https:\/\/blogdorogeriogomes.com.br\/noticias\/wp-json\/wp\/v2\/posts\/22572","targetHints":{"allow":["GET"]}}],"collection":[{"href":"https:\/\/blogdorogeriogomes.com.br\/noticias\/wp-json\/wp\/v2\/posts"}],"about":[{"href":"https:\/\/blogdorogeriogomes.com.br\/noticias\/wp-json\/wp\/v2\/types\/post"}],"author":[{"embeddable":true,"href":"https:\/\/blogdorogeriogomes.com.br\/noticias\/wp-json\/wp\/v2\/users\/1"}],"replies":[{"embeddable":true,"href":"https:\/\/blogdorogeriogomes.com.br\/noticias\/wp-json\/wp\/v2\/comments?post=22572"}],"version-history":[{"count":1,"href":"https:\/\/blogdorogeriogomes.com.br\/noticias\/wp-json\/wp\/v2\/posts\/22572\/revisions"}],"predecessor-version":[{"id":22574,"href":"https:\/\/blogdorogeriogomes.com.br\/noticias\/wp-json\/wp\/v2\/posts\/22572\/revisions\/22574"}],"wp:featuredmedia":[{"embeddable":true,"href":"https:\/\/blogdorogeriogomes.com.br\/noticias\/wp-json\/wp\/v2\/media\/22573"}],"wp:attachment":[{"href":"https:\/\/blogdorogeriogomes.com.br\/noticias\/wp-json\/wp\/v2\/media?parent=22572"}],"wp:term":[{"taxonomy":"category","embeddable":true,"href":"https:\/\/blogdorogeriogomes.com.br\/noticias\/wp-json\/wp\/v2\/categories?post=22572"},{"taxonomy":"post_tag","embeddable":true,"href":"https:\/\/blogdorogeriogomes.com.br\/noticias\/wp-json\/wp\/v2\/tags?post=22572"}],"curies":[{"name":"wp","href":"https:\/\/api.w.org\/{rel}","templated":true}]}}