{"id":22575,"date":"2021-08-31T23:11:59","date_gmt":"2021-08-31T23:11:59","guid":{"rendered":"https:\/\/blogdorogeriogomes.com.br\/?p=22575"},"modified":"2021-09-01T10:40:09","modified_gmt":"2021-09-01T10:40:09","slug":"tce-aprova-contas-de-camilo-santana-referentes-a-2020-mas-faz-ressalvas","status":"publish","type":"post","link":"https:\/\/blogdorogeriogomes.com.br\/noticias\/2021\/08\/tce-aprova-contas-de-camilo-santana-referentes-a-2020-mas-faz-ressalvas\/","title":{"rendered":"TCE aprova contas de Camilo Santana referentes a 2020, mas faz ressalvas"},"content":{"rendered":"\n<p>Por unanimidade, mas com ressalvas, o Tribunal de Contas do Estado do Cear\u00e1 (TCE) aprovou as contas de 2020 do governador Camilo Santana (PT). A decis\u00e3o foi tomada nesta ter\u00e7a-feira, dia 31 de agosto, e o documento seguir\u00e1 agora para a Assembleia Legislativa do Cear\u00e1, onde os deputados estaduais dar\u00e3o o seu parecer final.<\/p>\n\n\n\n<p>A sess\u00e3o do TCE teve a participa\u00e7\u00e3o dos conselheiros Valdomiro T\u00e1vora J\u00fanior (presidente), Rholden Queiroz (relator), Edilberto Pontes, Patr\u00edcia Saboya, Soraia Victor e Ernesto Saboia. No relat\u00f3rio final do TCE foram feitas 28 ressalvas e 52 recomenda\u00e7\u00f5es ao Governo Estadual sobre despesas realizadas.<\/p>\n\n\n\n<figure class=\"wp-block-image size-large\"><img loading=\"lazy\" decoding=\"async\" width=\"700\" height=\"371\" src=\"https:\/\/blogdorogeriogomes.com.br\/wp-content\/uploads\/2021\/08\/IMG_6116.png\" alt=\"\" class=\"wp-image-22576\" srcset=\"https:\/\/blogdorogeriogomes.com.br\/noticias\/wp-content\/uploads\/2021\/08\/IMG_6116.png 700w, https:\/\/blogdorogeriogomes.com.br\/noticias\/wp-content\/uploads\/2021\/08\/IMG_6116-300x159.png 300w\" sizes=\"auto, (max-width: 700px) 100vw, 700px\" \/><\/figure>\n","protected":false},"excerpt":{"rendered":"<p>Por unanimidade, mas com ressalvas, o Tribunal de Contas do Estado do Cear\u00e1 (TCE) aprovou as contas de 2020 do governador Camilo Santana (PT). A decis\u00e3o foi tomada nesta ter\u00e7a-feira, dia 31 de agosto, e o documento seguir\u00e1 agora para a Assembleia Legislativa do Cear\u00e1, onde os deputados estaduais dar\u00e3o o seu parecer final. A sess\u00e3o do TCE teve a participa\u00e7\u00e3o dos conselheiros Valdomiro T\u00e1vora J\u00fanior (presidente), Rholden Queiroz (relator), Edilberto Pontes, Patr\u00edcia Saboya, Soraia Victor e Ernesto Saboia.&hellip;<\/p>\n","protected":false},"author":1,"featured_media":22576,"comment_status":"open","ping_status":"open","sticky":false,"template":"","format":"standard","meta":{"footnotes":""},"categories":[1],"tags":[],"class_list":["post-22575","post","type-post","status-publish","format-standard","has-post-thumbnail","hentry","category-noticias"],"_links":{"self":[{"href":"https:\/\/blogdorogeriogomes.com.br\/noticias\/wp-json\/wp\/v2\/posts\/22575","targetHints":{"allow":["GET"]}}],"collection":[{"href":"https:\/\/blogdorogeriogomes.com.br\/noticias\/wp-json\/wp\/v2\/posts"}],"about":[{"href":"https:\/\/blogdorogeriogomes.com.br\/noticias\/wp-json\/wp\/v2\/types\/post"}],"author":[{"embeddable":true,"href":"https:\/\/blogdorogeriogomes.com.br\/noticias\/wp-json\/wp\/v2\/users\/1"}],"replies":[{"embeddable":true,"href":"https:\/\/blogdorogeriogomes.com.br\/noticias\/wp-json\/wp\/v2\/comments?post=22575"}],"version-history":[{"count":1,"href":"https:\/\/blogdorogeriogomes.com.br\/noticias\/wp-json\/wp\/v2\/posts\/22575\/revisions"}],"predecessor-version":[{"id":22577,"href":"https:\/\/blogdorogeriogomes.com.br\/noticias\/wp-json\/wp\/v2\/posts\/22575\/revisions\/22577"}],"wp:featuredmedia":[{"embeddable":true,"href":"https:\/\/blogdorogeriogomes.com.br\/noticias\/wp-json\/wp\/v2\/media\/22576"}],"wp:attachment":[{"href":"https:\/\/blogdorogeriogomes.com.br\/noticias\/wp-json\/wp\/v2\/media?parent=22575"}],"wp:term":[{"taxonomy":"category","embeddable":true,"href":"https:\/\/blogdorogeriogomes.com.br\/noticias\/wp-json\/wp\/v2\/categories?post=22575"},{"taxonomy":"post_tag","embeddable":true,"href":"https:\/\/blogdorogeriogomes.com.br\/noticias\/wp-json\/wp\/v2\/tags?post=22575"}],"curies":[{"name":"wp","href":"https:\/\/api.w.org\/{rel}","templated":true}]}}