{"id":22578,"date":"2021-09-01T08:58:43","date_gmt":"2021-09-01T08:58:43","guid":{"rendered":"https:\/\/blogdorogeriogomes.com.br\/?p=22578"},"modified":"2021-09-01T10:40:02","modified_gmt":"2021-09-01T10:40:02","slug":"caucaia-implanta-onibus-de-graca-para-a-populacao-do-municipio-a-partir-desta-quarta-feira","status":"publish","type":"post","link":"https:\/\/blogdorogeriogomes.com.br\/noticias\/2021\/09\/caucaia-implanta-onibus-de-graca-para-a-populacao-do-municipio-a-partir-desta-quarta-feira\/","title":{"rendered":"Caucaia implanta \u00f4nibus de gra\u00e7a para a popula\u00e7\u00e3o do munic\u00edpio a partir desta quarta-feira"},"content":{"rendered":"\n<p>A Prefeitura de Caucaia implanta a oferta de transporte coletivo gratuito para a popula\u00e7\u00e3o do munic\u00edpio, na Regi\u00e3o Metropolitana de Fortaleza, a partir desta quarta-feira, dia 1\u00b0 de setembro. O Programa Bora de Gra\u00e7a foi criado pelo atual prefeito de Caucaia, Vitor Valim (Pros), e deve beneficiar uma popula\u00e7\u00e3o de cerca de 400 mil habitantes.<\/p>\n\n\n\n<p>Ser\u00e1 criado um cart\u00e3o, atrav\u00e9s de cadastro, para ter acesso ao transporte gratuito, mas num primeiro momento, n\u00e3o haver\u00e1 a exig\u00eancia do documento. Com a nova medida, o prefeito Vitor Valim espera diminuir 40% do fluxo de ve\u00edculos em circula\u00e7\u00e3o no munic\u00edpio. E com a gratuidade no transporte, se estima que as fam\u00edlias com baixa renda tenham uma economia de 15% a 36% da renda mensal.<\/p>\n\n\n\n<figure class=\"wp-block-image size-large\"><img loading=\"lazy\" decoding=\"async\" width=\"735\" height=\"417\" src=\"https:\/\/blogdorogeriogomes.com.br\/wp-content\/uploads\/2021\/09\/images-30.jpeg\" alt=\"\" class=\"wp-image-22579\" srcset=\"https:\/\/blogdorogeriogomes.com.br\/noticias\/wp-content\/uploads\/2021\/09\/images-30.jpeg 735w, https:\/\/blogdorogeriogomes.com.br\/noticias\/wp-content\/uploads\/2021\/09\/images-30-300x170.jpeg 300w\" sizes=\"auto, (max-width: 735px) 100vw, 735px\" \/><\/figure>\n","protected":false},"excerpt":{"rendered":"<p>A Prefeitura de Caucaia implanta a oferta de transporte coletivo gratuito para a popula\u00e7\u00e3o do munic\u00edpio, na Regi\u00e3o Metropolitana de Fortaleza, a partir desta quarta-feira, dia 1\u00b0 de setembro. O Programa Bora de Gra\u00e7a foi criado pelo atual prefeito de Caucaia, Vitor Valim (Pros), e deve beneficiar uma popula\u00e7\u00e3o de cerca de 400 mil habitantes. Ser\u00e1 criado um cart\u00e3o, atrav\u00e9s de cadastro, para ter acesso ao transporte gratuito, mas num primeiro momento, n\u00e3o haver\u00e1 a exig\u00eancia do documento. Com&hellip;<\/p>\n","protected":false},"author":1,"featured_media":22579,"comment_status":"open","ping_status":"open","sticky":false,"template":"","format":"standard","meta":{"footnotes":""},"categories":[1],"tags":[],"class_list":["post-22578","post","type-post","status-publish","format-standard","has-post-thumbnail","hentry","category-noticias"],"_links":{"self":[{"href":"https:\/\/blogdorogeriogomes.com.br\/noticias\/wp-json\/wp\/v2\/posts\/22578","targetHints":{"allow":["GET"]}}],"collection":[{"href":"https:\/\/blogdorogeriogomes.com.br\/noticias\/wp-json\/wp\/v2\/posts"}],"about":[{"href":"https:\/\/blogdorogeriogomes.com.br\/noticias\/wp-json\/wp\/v2\/types\/post"}],"author":[{"embeddable":true,"href":"https:\/\/blogdorogeriogomes.com.br\/noticias\/wp-json\/wp\/v2\/users\/1"}],"replies":[{"embeddable":true,"href":"https:\/\/blogdorogeriogomes.com.br\/noticias\/wp-json\/wp\/v2\/comments?post=22578"}],"version-history":[{"count":1,"href":"https:\/\/blogdorogeriogomes.com.br\/noticias\/wp-json\/wp\/v2\/posts\/22578\/revisions"}],"predecessor-version":[{"id":22580,"href":"https:\/\/blogdorogeriogomes.com.br\/noticias\/wp-json\/wp\/v2\/posts\/22578\/revisions\/22580"}],"wp:featuredmedia":[{"embeddable":true,"href":"https:\/\/blogdorogeriogomes.com.br\/noticias\/wp-json\/wp\/v2\/media\/22579"}],"wp:attachment":[{"href":"https:\/\/blogdorogeriogomes.com.br\/noticias\/wp-json\/wp\/v2\/media?parent=22578"}],"wp:term":[{"taxonomy":"category","embeddable":true,"href":"https:\/\/blogdorogeriogomes.com.br\/noticias\/wp-json\/wp\/v2\/categories?post=22578"},{"taxonomy":"post_tag","embeddable":true,"href":"https:\/\/blogdorogeriogomes.com.br\/noticias\/wp-json\/wp\/v2\/tags?post=22578"}],"curies":[{"name":"wp","href":"https:\/\/api.w.org\/{rel}","templated":true}]}}