{"id":22585,"date":"2021-09-01T21:02:58","date_gmt":"2021-09-01T21:02:58","guid":{"rendered":"https:\/\/blogdorogeriogomes.com.br\/?p=22585"},"modified":"2021-09-02T11:44:07","modified_gmt":"2021-09-02T11:44:07","slug":"indigenas-pressionam-stf-para-garantir-a-protecao-de-suas-terras-no-pais-no-ceara-houve-protestos","status":"publish","type":"post","link":"https:\/\/blogdorogeriogomes.com.br\/noticias\/2021\/09\/indigenas-pressionam-stf-para-garantir-a-protecao-de-suas-terras-no-pais-no-ceara-houve-protestos\/","title":{"rendered":"Ind\u00edgenas pressionam STF para garantir a prote\u00e7\u00e3o de suas terras no Pa\u00eds. No Cear\u00e1, houve protestos"},"content":{"rendered":"\n<p>Ind\u00edgenas protestam em todo o Pa\u00eds contra a tese do &#8220;marco temporal&#8221; para demarca\u00e7\u00e3o de terras que&nbsp;est\u00e1 em julgamento no Supremo Tribunal Federal (STF). No Cear\u00e1, as manifesta\u00e7\u00f5es foram registradas em Fortaleza, Itarema e Crate\u00fas. Caso aprovado no STF,&nbsp;o crit\u00e9rio pode afetar cerca de 20 povos ind\u00edgenas do Cear\u00e1.<\/p>\n\n\n\n<p>Caso o marco temporal venha a ser aprovado, ind\u00edgenas s\u00f3 podem reivindicar a demarca\u00e7\u00e3o de terras que j\u00e1 eram ocupadas por eles antes da data de promulga\u00e7\u00e3o da Constitui\u00e7\u00e3o de 1988.<\/p>\n\n\n\n<p>O advogado-geral da Uni\u00e3o, Bruno Bianco Leal, defendeu que o Supremo mantenha a validade do chamado \u201cmarco temporal\u201d na demarca\u00e7\u00e3o de terras ind\u00edgenas. J\u00e1 os representantes de organiza\u00e7\u00f5es e comunidades ind\u00edgenas afirmaram que a tese \u00e9 inconstitucional e, por isso, n\u00e3o pode ser usada como crit\u00e9rio para a demarca\u00e7\u00e3o de terras.<\/p>\n\n\n\n<p>O julgamento no STF s\u00f3 deve ser conclu\u00eddo na pr\u00f3xima semana.<\/p>\n\n\n\n<figure class=\"wp-block-image size-large\"><img loading=\"lazy\" decoding=\"async\" width=\"1024\" height=\"576\" src=\"https:\/\/blogdorogeriogomes.com.br\/wp-content\/uploads\/2021\/09\/whatsapp-image-2021-09-01-at-16.38.45-1024x576.jpeg\" alt=\"\" class=\"wp-image-22586\" srcset=\"https:\/\/blogdorogeriogomes.com.br\/noticias\/wp-content\/uploads\/2021\/09\/whatsapp-image-2021-09-01-at-16.38.45-1024x576.jpeg 1024w, https:\/\/blogdorogeriogomes.com.br\/noticias\/wp-content\/uploads\/2021\/09\/whatsapp-image-2021-09-01-at-16.38.45-300x169.jpeg 300w, https:\/\/blogdorogeriogomes.com.br\/noticias\/wp-content\/uploads\/2021\/09\/whatsapp-image-2021-09-01-at-16.38.45-768x432.jpeg 768w, https:\/\/blogdorogeriogomes.com.br\/noticias\/wp-content\/uploads\/2021\/09\/whatsapp-image-2021-09-01-at-16.38.45-800x450.jpeg 800w, https:\/\/blogdorogeriogomes.com.br\/noticias\/wp-content\/uploads\/2021\/09\/whatsapp-image-2021-09-01-at-16.38.45.jpeg 1080w\" sizes=\"auto, (max-width: 1024px) 100vw, 1024px\" \/><\/figure>\n","protected":false},"excerpt":{"rendered":"<p>Ind\u00edgenas protestam em todo o Pa\u00eds contra a tese do &#8220;marco temporal&#8221; para demarca\u00e7\u00e3o de terras que&nbsp;est\u00e1 em julgamento no Supremo Tribunal Federal (STF). No Cear\u00e1, as manifesta\u00e7\u00f5es foram registradas em Fortaleza, Itarema e Crate\u00fas. Caso aprovado no STF,&nbsp;o crit\u00e9rio pode afetar cerca de 20 povos ind\u00edgenas do Cear\u00e1. Caso o marco temporal venha a ser aprovado, ind\u00edgenas s\u00f3 podem reivindicar a demarca\u00e7\u00e3o de terras que j\u00e1 eram ocupadas por eles antes da data de promulga\u00e7\u00e3o da Constitui\u00e7\u00e3o de&hellip;<\/p>\n","protected":false},"author":1,"featured_media":22586,"comment_status":"open","ping_status":"open","sticky":false,"template":"","format":"standard","meta":{"footnotes":""},"categories":[1],"tags":[],"class_list":["post-22585","post","type-post","status-publish","format-standard","has-post-thumbnail","hentry","category-noticias"],"_links":{"self":[{"href":"https:\/\/blogdorogeriogomes.com.br\/noticias\/wp-json\/wp\/v2\/posts\/22585","targetHints":{"allow":["GET"]}}],"collection":[{"href":"https:\/\/blogdorogeriogomes.com.br\/noticias\/wp-json\/wp\/v2\/posts"}],"about":[{"href":"https:\/\/blogdorogeriogomes.com.br\/noticias\/wp-json\/wp\/v2\/types\/post"}],"author":[{"embeddable":true,"href":"https:\/\/blogdorogeriogomes.com.br\/noticias\/wp-json\/wp\/v2\/users\/1"}],"replies":[{"embeddable":true,"href":"https:\/\/blogdorogeriogomes.com.br\/noticias\/wp-json\/wp\/v2\/comments?post=22585"}],"version-history":[{"count":2,"href":"https:\/\/blogdorogeriogomes.com.br\/noticias\/wp-json\/wp\/v2\/posts\/22585\/revisions"}],"predecessor-version":[{"id":22601,"href":"https:\/\/blogdorogeriogomes.com.br\/noticias\/wp-json\/wp\/v2\/posts\/22585\/revisions\/22601"}],"wp:featuredmedia":[{"embeddable":true,"href":"https:\/\/blogdorogeriogomes.com.br\/noticias\/wp-json\/wp\/v2\/media\/22586"}],"wp:attachment":[{"href":"https:\/\/blogdorogeriogomes.com.br\/noticias\/wp-json\/wp\/v2\/media?parent=22585"}],"wp:term":[{"taxonomy":"category","embeddable":true,"href":"https:\/\/blogdorogeriogomes.com.br\/noticias\/wp-json\/wp\/v2\/categories?post=22585"},{"taxonomy":"post_tag","embeddable":true,"href":"https:\/\/blogdorogeriogomes.com.br\/noticias\/wp-json\/wp\/v2\/tags?post=22585"}],"curies":[{"name":"wp","href":"https:\/\/api.w.org\/{rel}","templated":true}]}}