{"id":22591,"date":"2021-09-01T22:59:10","date_gmt":"2021-09-01T22:59:10","guid":{"rendered":"https:\/\/blogdorogeriogomes.com.br\/?p=22591"},"modified":"2021-09-02T11:43:47","modified_gmt":"2021-09-02T11:43:47","slug":"assembleia-legislativa-setor-produtivo-e-mpce-definem-estrategias-para-reforcar-a-vacinacao-contra-a-covid-19-no-ceara","status":"publish","type":"post","link":"https:\/\/blogdorogeriogomes.com.br\/noticias\/2021\/09\/assembleia-legislativa-setor-produtivo-e-mpce-definem-estrategias-para-reforcar-a-vacinacao-contra-a-covid-19-no-ceara\/","title":{"rendered":"Assembleia Legislativa, setor produtivo e MPCE definem estrat\u00e9gias para refor\u00e7ar a vacina\u00e7\u00e3o contra a Covid-19 no Cear\u00e1"},"content":{"rendered":"\n<p>O Poder Legislativo, o Minist\u00e9rio P\u00fablico Estadual e o setor produtivo buscam lan\u00e7ar uma campanha para refor\u00e7ar a vacina\u00e7\u00e3o contra a Covid-19 no interior cearense. O presidente da Assembleia Legislativa, Evandro Leit\u00e3o (PDT), esteve reunido com representantes de diversos segmentos da economia discutindo estrat\u00e9gias para refor\u00e7ar a imuniza\u00e7\u00e3o da popula\u00e7\u00e3o cearense.<\/p>\n\n\n\n<p>O encontro teve a participa\u00e7\u00e3o da secret\u00e1ria da Fazenda, Fernanda Pacobahyba; o presidente da Federa\u00e7\u00e3o do Com\u00e9rcio de Bens, Servi\u00e7os e Turismo do Estado do Cear\u00e1 (Fecom\u00e9rcio), Gast\u00e3o Bittencourt; o presidente da C\u00e2mara dos Dirigentes Lojistas de Fortaleza, Assis Cavalcante; o presidente da Associa\u00e7\u00e3o Brasileira de Bares e Restaurantes (Abrasel), Taiene Righeto; o superintendente de Rela\u00e7\u00f5es Institucionais da Federa\u00e7\u00e3o das Ind\u00fastrias do Cear\u00e1 (Fiec), S\u00e9rgio Lopes; e assessores. O grupo estuda lan\u00e7ar uma campanha para estimular os trabalhadores do com\u00e9rcio e da ind\u00fastria a tomarem as duas doses da vacina. <\/p>\n\n\n\n<p>Na pr\u00f3xima quarta-feira, dia 8 de setembro, \u00e0s 10 horas, haver\u00e1 um novo encontro dessas institui\u00e7\u00f5es com as autoridades sanit\u00e1rias do Estado e de Fortaleza para lan\u00e7ar uma campanha para estimular a vacina\u00e7\u00e3o. Entre as ideias discutidas, est\u00e3o a cria\u00e7\u00e3o de um selo para premiar empresas com colaboradores imunizados.<\/p>\n\n\n\n<p>Lan\u00e7ado no dia 23 de junho, o Pacto Contra o Coronav\u00edrus no Cear\u00e1 promoveu diversas a\u00e7\u00f5es para combater a pandemia no Estado. As 18 institui\u00e7\u00f5es que comp\u00f5em o pacto estimularam o cadastro da popula\u00e7\u00e3o e refor\u00e7aram a import\u00e2ncia dos cuidados preventivos contra o coronav\u00edrus. Al\u00e9m da capital, foram instalados postos para auxiliar no cadastro na plataforma Sa\u00fade Digital em Sobral, Tiangu\u00e1, Vi\u00e7osa do Cear\u00e1, Crate\u00fas, Tau\u00e1, Aracati, Morada Nova, Canind\u00e9, Baturit\u00e9, Juazeiro do Norte, Barbalha, Crato, Camocim, Granja, Quixeramobim e Iguatu.<\/p>\n\n\n\n<figure class=\"wp-block-image size-large\"><img loading=\"lazy\" decoding=\"async\" width=\"1024\" height=\"682\" src=\"https:\/\/blogdorogeriogomes.com.br\/wp-content\/uploads\/2021\/09\/IMG-20210901-WA0118-1024x682.jpg\" alt=\"\" class=\"wp-image-22592\" srcset=\"https:\/\/blogdorogeriogomes.com.br\/noticias\/wp-content\/uploads\/2021\/09\/IMG-20210901-WA0118-1024x682.jpg 1024w, https:\/\/blogdorogeriogomes.com.br\/noticias\/wp-content\/uploads\/2021\/09\/IMG-20210901-WA0118-300x200.jpg 300w, https:\/\/blogdorogeriogomes.com.br\/noticias\/wp-content\/uploads\/2021\/09\/IMG-20210901-WA0118-768x512.jpg 768w, https:\/\/blogdorogeriogomes.com.br\/noticias\/wp-content\/uploads\/2021\/09\/IMG-20210901-WA0118-800x533.jpg 800w, https:\/\/blogdorogeriogomes.com.br\/noticias\/wp-content\/uploads\/2021\/09\/IMG-20210901-WA0118.jpg 1280w\" sizes=\"auto, (max-width: 1024px) 100vw, 1024px\" \/><\/figure>\n","protected":false},"excerpt":{"rendered":"<p>O Poder Legislativo, o Minist\u00e9rio P\u00fablico Estadual e o setor produtivo buscam lan\u00e7ar uma campanha para refor\u00e7ar a vacina\u00e7\u00e3o contra a Covid-19 no interior cearense. O presidente da Assembleia Legislativa, Evandro Leit\u00e3o (PDT), esteve reunido com representantes de diversos segmentos da economia discutindo estrat\u00e9gias para refor\u00e7ar a imuniza\u00e7\u00e3o da popula\u00e7\u00e3o cearense. O encontro teve a participa\u00e7\u00e3o da secret\u00e1ria da Fazenda, Fernanda Pacobahyba; o presidente da Federa\u00e7\u00e3o do Com\u00e9rcio de Bens, Servi\u00e7os e Turismo do Estado do Cear\u00e1 (Fecom\u00e9rcio), Gast\u00e3o&hellip;<\/p>\n","protected":false},"author":1,"featured_media":22592,"comment_status":"open","ping_status":"open","sticky":false,"template":"","format":"standard","meta":{"footnotes":""},"categories":[1],"tags":[],"class_list":["post-22591","post","type-post","status-publish","format-standard","has-post-thumbnail","hentry","category-noticias"],"_links":{"self":[{"href":"https:\/\/blogdorogeriogomes.com.br\/noticias\/wp-json\/wp\/v2\/posts\/22591","targetHints":{"allow":["GET"]}}],"collection":[{"href":"https:\/\/blogdorogeriogomes.com.br\/noticias\/wp-json\/wp\/v2\/posts"}],"about":[{"href":"https:\/\/blogdorogeriogomes.com.br\/noticias\/wp-json\/wp\/v2\/types\/post"}],"author":[{"embeddable":true,"href":"https:\/\/blogdorogeriogomes.com.br\/noticias\/wp-json\/wp\/v2\/users\/1"}],"replies":[{"embeddable":true,"href":"https:\/\/blogdorogeriogomes.com.br\/noticias\/wp-json\/wp\/v2\/comments?post=22591"}],"version-history":[{"count":1,"href":"https:\/\/blogdorogeriogomes.com.br\/noticias\/wp-json\/wp\/v2\/posts\/22591\/revisions"}],"predecessor-version":[{"id":22593,"href":"https:\/\/blogdorogeriogomes.com.br\/noticias\/wp-json\/wp\/v2\/posts\/22591\/revisions\/22593"}],"wp:featuredmedia":[{"embeddable":true,"href":"https:\/\/blogdorogeriogomes.com.br\/noticias\/wp-json\/wp\/v2\/media\/22592"}],"wp:attachment":[{"href":"https:\/\/blogdorogeriogomes.com.br\/noticias\/wp-json\/wp\/v2\/media?parent=22591"}],"wp:term":[{"taxonomy":"category","embeddable":true,"href":"https:\/\/blogdorogeriogomes.com.br\/noticias\/wp-json\/wp\/v2\/categories?post=22591"},{"taxonomy":"post_tag","embeddable":true,"href":"https:\/\/blogdorogeriogomes.com.br\/noticias\/wp-json\/wp\/v2\/tags?post=22591"}],"curies":[{"name":"wp","href":"https:\/\/api.w.org\/{rel}","templated":true}]}}