{"id":22594,"date":"2021-09-02T10:45:21","date_gmt":"2021-09-02T10:45:21","guid":{"rendered":"https:\/\/blogdorogeriogomes.com.br\/?p=22594"},"modified":"2021-09-02T11:43:36","modified_gmt":"2021-09-02T11:43:36","slug":"governo-federal-sofre-derrota-no-senado-com-rejeicao-de-minirreforma-trabalhista","status":"publish","type":"post","link":"https:\/\/blogdorogeriogomes.com.br\/noticias\/2021\/09\/governo-federal-sofre-derrota-no-senado-com-rejeicao-de-minirreforma-trabalhista\/","title":{"rendered":"Governo Federal sofre derrota no Senado com rejei\u00e7\u00e3o de minirreforma trabalhista"},"content":{"rendered":"\n<p>O Senado Federal rejeitou nesta quarta-feira, dia 1\u00b0 de setembro, a proposta que criava tr\u00eas novos programas, com regras trabalhistas mais flex\u00edveis contra os trabalhadores. Os defensores do projeto alegavam que as medidas serviam para estimular a contrata\u00e7\u00e3o de jovens.&nbsp;Foram 47 votos pelo arquivamento da MP, e 27 pela aprova\u00e7\u00e3o.<\/p>\n\n\n\n<p>Os programas foram aprovados pela C\u00e2mara dos Deputados ap\u00f3s uma medida provis\u00f3ria ser enviada pelo governo Jair Bolsonaro em abril. A MP, em quest\u00e3o, tratava de uma nova rodada do programa de redu\u00e7\u00e3o de jornada e sal\u00e1rio ou suspens\u00e3o de contrato de trabalho durante a pandemia.<\/p>\n\n\n\n<p>O presidente da C\u00e2mara, Arthur Lira, criticou a decis\u00e3o do Senado e reclamou de uma quebra de acordo para aprovar a MP. Nesta quarta-feira, a C\u00e2mara dos Deputados tamb\u00e9m aprovou, com 398 votos favor\u00e1veis e 77 votos contr\u00e1rios, o texto base da reforma do Imposto de Renda. A proposta reduz os tributos para empresas e muda regras para as pessoas f\u00edsicas. Os deputados ainda votar\u00e3o 26 propostas de altera\u00e7\u00e3o ao projeto de lei. Ap\u00f3s essas delibera\u00e7\u00f5es, o texto segue para o Senado.<\/p>\n\n\n\n<figure class=\"wp-block-image size-large\"><img loading=\"lazy\" decoding=\"async\" width=\"1024\" height=\"492\" src=\"https:\/\/blogdorogeriogomes.com.br\/wp-content\/uploads\/2021\/09\/20210827150820_0afa812ca17f54e3d782aafe9c16340d0911e03965e84650d77a7410ede4a86f-1024x492.jpg\" alt=\"\" class=\"wp-image-22595\" srcset=\"https:\/\/blogdorogeriogomes.com.br\/noticias\/wp-content\/uploads\/2021\/09\/20210827150820_0afa812ca17f54e3d782aafe9c16340d0911e03965e84650d77a7410ede4a86f-1024x492.jpg 1024w, https:\/\/blogdorogeriogomes.com.br\/noticias\/wp-content\/uploads\/2021\/09\/20210827150820_0afa812ca17f54e3d782aafe9c16340d0911e03965e84650d77a7410ede4a86f-300x144.jpg 300w, https:\/\/blogdorogeriogomes.com.br\/noticias\/wp-content\/uploads\/2021\/09\/20210827150820_0afa812ca17f54e3d782aafe9c16340d0911e03965e84650d77a7410ede4a86f-768x369.jpg 768w, https:\/\/blogdorogeriogomes.com.br\/noticias\/wp-content\/uploads\/2021\/09\/20210827150820_0afa812ca17f54e3d782aafe9c16340d0911e03965e84650d77a7410ede4a86f-800x384.jpg 800w, https:\/\/blogdorogeriogomes.com.br\/noticias\/wp-content\/uploads\/2021\/09\/20210827150820_0afa812ca17f54e3d782aafe9c16340d0911e03965e84650d77a7410ede4a86f.jpg 1250w\" sizes=\"auto, (max-width: 1024px) 100vw, 1024px\" \/><\/figure>\n","protected":false},"excerpt":{"rendered":"<p>O Senado Federal rejeitou nesta quarta-feira, dia 1\u00b0 de setembro, a proposta que criava tr\u00eas novos programas, com regras trabalhistas mais flex\u00edveis contra os trabalhadores. Os defensores do projeto alegavam que as medidas serviam para estimular a contrata\u00e7\u00e3o de jovens.&nbsp;Foram 47 votos pelo arquivamento da MP, e 27 pela aprova\u00e7\u00e3o. Os programas foram aprovados pela C\u00e2mara dos Deputados ap\u00f3s uma medida provis\u00f3ria ser enviada pelo governo Jair Bolsonaro em abril. A MP, em quest\u00e3o, tratava de uma nova rodada&hellip;<\/p>\n","protected":false},"author":1,"featured_media":22595,"comment_status":"open","ping_status":"open","sticky":false,"template":"","format":"standard","meta":{"footnotes":""},"categories":[1],"tags":[],"class_list":["post-22594","post","type-post","status-publish","format-standard","has-post-thumbnail","hentry","category-noticias"],"_links":{"self":[{"href":"https:\/\/blogdorogeriogomes.com.br\/noticias\/wp-json\/wp\/v2\/posts\/22594","targetHints":{"allow":["GET"]}}],"collection":[{"href":"https:\/\/blogdorogeriogomes.com.br\/noticias\/wp-json\/wp\/v2\/posts"}],"about":[{"href":"https:\/\/blogdorogeriogomes.com.br\/noticias\/wp-json\/wp\/v2\/types\/post"}],"author":[{"embeddable":true,"href":"https:\/\/blogdorogeriogomes.com.br\/noticias\/wp-json\/wp\/v2\/users\/1"}],"replies":[{"embeddable":true,"href":"https:\/\/blogdorogeriogomes.com.br\/noticias\/wp-json\/wp\/v2\/comments?post=22594"}],"version-history":[{"count":2,"href":"https:\/\/blogdorogeriogomes.com.br\/noticias\/wp-json\/wp\/v2\/posts\/22594\/revisions"}],"predecessor-version":[{"id":22600,"href":"https:\/\/blogdorogeriogomes.com.br\/noticias\/wp-json\/wp\/v2\/posts\/22594\/revisions\/22600"}],"wp:featuredmedia":[{"embeddable":true,"href":"https:\/\/blogdorogeriogomes.com.br\/noticias\/wp-json\/wp\/v2\/media\/22595"}],"wp:attachment":[{"href":"https:\/\/blogdorogeriogomes.com.br\/noticias\/wp-json\/wp\/v2\/media?parent=22594"}],"wp:term":[{"taxonomy":"category","embeddable":true,"href":"https:\/\/blogdorogeriogomes.com.br\/noticias\/wp-json\/wp\/v2\/categories?post=22594"},{"taxonomy":"post_tag","embeddable":true,"href":"https:\/\/blogdorogeriogomes.com.br\/noticias\/wp-json\/wp\/v2\/tags?post=22594"}],"curies":[{"name":"wp","href":"https:\/\/api.w.org\/{rel}","templated":true}]}}