{"id":22602,"date":"2021-09-02T20:48:20","date_gmt":"2021-09-02T20:48:20","guid":{"rendered":"https:\/\/blogdorogeriogomes.com.br\/?p=22602"},"modified":"2021-09-03T07:32:11","modified_gmt":"2021-09-03T07:32:11","slug":"aulas-presenciais-nas-escolas-publicas-em-fortaleza-retornam-pela-educacao-infantil","status":"publish","type":"post","link":"https:\/\/blogdorogeriogomes.com.br\/noticias\/2021\/09\/aulas-presenciais-nas-escolas-publicas-em-fortaleza-retornam-pela-educacao-infantil\/","title":{"rendered":"Aulas presenciais nas escolas p\u00fablicas em Fortaleza retornam pela educa\u00e7\u00e3o infantil"},"content":{"rendered":"\n<p>A Prefeitura de Fortaleza confirma o retorno de aulas presenciais nas escolas municipais para a pr\u00f3xima quarta-feira, dia 8 de setembro, de forma gradual. Os primeiros alunos a serem contemplados s\u00e3o os da educa\u00e7\u00e3o infantil e fundamental. Neste primeiro momento, est\u00e3o inclusas no retorno as crian\u00e7as do Infantil III, IV e V, al\u00e9m do 1\u00ba e 2\u00ba ano do Fundamental.<div>Adolescentes a partir de 12 anos, de s\u00e9ries mais avan\u00e7adas, voltam apenas no dia 20 de setembro.\u00a0<\/div>Nas escolas p\u00fablicas municipais em Fortaleza, apenas 50% dos alunos ficar\u00e3o no ensino presencial. Outros 50% permanecer\u00e3o no ensino remoto.<\/p>\n\n\n\n<p>O retorno presencial do ensino acompanha a evolu\u00e7\u00e3o da vacina\u00e7\u00e3o de estudantes e professores. Mais de 100 mil adolescentes na Capital j\u00e1 receberam a primeira dose das vacinas contra a Covid-19.<\/p>\n\n\n\n<figure class=\"wp-block-image size-large\"><img loading=\"lazy\" decoding=\"async\" width=\"739\" height=\"415\" src=\"https:\/\/blogdorogeriogomes.com.br\/wp-content\/uploads\/2021\/09\/images-32.jpeg\" alt=\"\" class=\"wp-image-22603\" srcset=\"https:\/\/blogdorogeriogomes.com.br\/noticias\/wp-content\/uploads\/2021\/09\/images-32.jpeg 739w, https:\/\/blogdorogeriogomes.com.br\/noticias\/wp-content\/uploads\/2021\/09\/images-32-300x168.jpeg 300w\" sizes=\"auto, (max-width: 739px) 100vw, 739px\" \/><\/figure>\n","protected":false},"excerpt":{"rendered":"<p>A Prefeitura de Fortaleza confirma o retorno de aulas presenciais nas escolas municipais para a pr\u00f3xima quarta-feira, dia 8 de setembro, de forma gradual. Os primeiros alunos a serem contemplados s\u00e3o os da educa\u00e7\u00e3o infantil e fundamental. Neste primeiro momento, est\u00e3o inclusas no retorno as crian\u00e7as do Infantil III, IV e V, al\u00e9m do 1\u00ba e 2\u00ba ano do Fundamental. Adolescentes a partir de 12 anos, de s\u00e9ries mais avan\u00e7adas, voltam apenas no dia 20 de setembro.\u00a0 Nas escolas&hellip;<\/p>\n","protected":false},"author":1,"featured_media":22603,"comment_status":"open","ping_status":"open","sticky":false,"template":"","format":"standard","meta":{"footnotes":""},"categories":[1],"tags":[],"class_list":["post-22602","post","type-post","status-publish","format-standard","has-post-thumbnail","hentry","category-noticias"],"_links":{"self":[{"href":"https:\/\/blogdorogeriogomes.com.br\/noticias\/wp-json\/wp\/v2\/posts\/22602","targetHints":{"allow":["GET"]}}],"collection":[{"href":"https:\/\/blogdorogeriogomes.com.br\/noticias\/wp-json\/wp\/v2\/posts"}],"about":[{"href":"https:\/\/blogdorogeriogomes.com.br\/noticias\/wp-json\/wp\/v2\/types\/post"}],"author":[{"embeddable":true,"href":"https:\/\/blogdorogeriogomes.com.br\/noticias\/wp-json\/wp\/v2\/users\/1"}],"replies":[{"embeddable":true,"href":"https:\/\/blogdorogeriogomes.com.br\/noticias\/wp-json\/wp\/v2\/comments?post=22602"}],"version-history":[{"count":1,"href":"https:\/\/blogdorogeriogomes.com.br\/noticias\/wp-json\/wp\/v2\/posts\/22602\/revisions"}],"predecessor-version":[{"id":22604,"href":"https:\/\/blogdorogeriogomes.com.br\/noticias\/wp-json\/wp\/v2\/posts\/22602\/revisions\/22604"}],"wp:featuredmedia":[{"embeddable":true,"href":"https:\/\/blogdorogeriogomes.com.br\/noticias\/wp-json\/wp\/v2\/media\/22603"}],"wp:attachment":[{"href":"https:\/\/blogdorogeriogomes.com.br\/noticias\/wp-json\/wp\/v2\/media?parent=22602"}],"wp:term":[{"taxonomy":"category","embeddable":true,"href":"https:\/\/blogdorogeriogomes.com.br\/noticias\/wp-json\/wp\/v2\/categories?post=22602"},{"taxonomy":"post_tag","embeddable":true,"href":"https:\/\/blogdorogeriogomes.com.br\/noticias\/wp-json\/wp\/v2\/tags?post=22602"}],"curies":[{"name":"wp","href":"https:\/\/api.w.org\/{rel}","templated":true}]}}