{"id":22605,"date":"2021-09-02T22:57:29","date_gmt":"2021-09-02T22:57:29","guid":{"rendered":"https:\/\/blogdorogeriogomes.com.br\/?p=22605"},"modified":"2021-09-03T07:31:46","modified_gmt":"2021-09-03T07:31:46","slug":"pf-prende-assessor-do-senador-bolsonarista-marcos-rogerio-por-trafico-de-drogas-com-rota-para-fortaleza","status":"publish","type":"post","link":"https:\/\/blogdorogeriogomes.com.br\/noticias\/2021\/09\/pf-prende-assessor-do-senador-bolsonarista-marcos-rogerio-por-trafico-de-drogas-com-rota-para-fortaleza\/","title":{"rendered":"PF prende assessor do senador bolsonarista Marcos Rog\u00e9rio por tr\u00e1fico de drogas com rota para Fortaleza"},"content":{"rendered":"\n<p>A Pol\u00edcia Federal prendeu, nesta quarta-feira, dia 1\u00b0 de setembro, o assessor do senador governista Marcos Rog\u00e9rio (DEM-RO), Marcelo Guimar\u00e3es Cortez Leite.&nbsp;Marcos Rog\u00e9rio \u00e9 um dos mais ferrenhos defensores do governo Jair Bolsonaro na CPI da Covid, no Senado Federal. O assessor foi exonerado do quadro de funcion\u00e1rio do gabinete do senador do DEM logo ap\u00f3s ser levado pela Pol\u00edcia Federal.<\/p>\n\n\n\n<p>A casa do agora ex-assessor tamb\u00e9m foi alvo de mandado de busca e apreens\u00e3o. A pris\u00e3o preventiva foi decretada pelo juiz Lu\u00eds Ant\u00f4nio Sanada Rocha, da 1\u00aa Vara de T\u00f3xicos e Delitos de Porto Velho, no \u00e2mbito da Opera\u00e7\u00e3o Alcance. Segundo a PF, as investiga\u00e7\u00f5es est\u00e3o desarticulando o esquema criminoso de envio de carregamento de drogas de Rond\u00f4nia para Fortaleza.<\/p>\n\n\n\n<figure class=\"wp-block-image size-large\"><img loading=\"lazy\" decoding=\"async\" width=\"640\" height=\"360\" src=\"https:\/\/blogdorogeriogomes.com.br\/wp-content\/uploads\/2021\/09\/x93411322_cpipandemiacomissao-parlamentar-de-inquerito-da-pandemiacomissao-parlamentar-de-in.pagespeed.ic_.dgnki3jw68.jpg\" alt=\"\" class=\"wp-image-22606\" srcset=\"https:\/\/blogdorogeriogomes.com.br\/noticias\/wp-content\/uploads\/2021\/09\/x93411322_cpipandemiacomissao-parlamentar-de-inquerito-da-pandemiacomissao-parlamentar-de-in.pagespeed.ic_.dgnki3jw68.jpg 640w, https:\/\/blogdorogeriogomes.com.br\/noticias\/wp-content\/uploads\/2021\/09\/x93411322_cpipandemiacomissao-parlamentar-de-inquerito-da-pandemiacomissao-parlamentar-de-in.pagespeed.ic_.dgnki3jw68-300x169.jpg 300w\" sizes=\"auto, (max-width: 640px) 100vw, 640px\" \/><\/figure>\n","protected":false},"excerpt":{"rendered":"<p>A Pol\u00edcia Federal prendeu, nesta quarta-feira, dia 1\u00b0 de setembro, o assessor do senador governista Marcos Rog\u00e9rio (DEM-RO), Marcelo Guimar\u00e3es Cortez Leite.&nbsp;Marcos Rog\u00e9rio \u00e9 um dos mais ferrenhos defensores do governo Jair Bolsonaro na CPI da Covid, no Senado Federal. O assessor foi exonerado do quadro de funcion\u00e1rio do gabinete do senador do DEM logo ap\u00f3s ser levado pela Pol\u00edcia Federal. A casa do agora ex-assessor tamb\u00e9m foi alvo de mandado de busca e apreens\u00e3o. A pris\u00e3o preventiva foi&hellip;<\/p>\n","protected":false},"author":1,"featured_media":22606,"comment_status":"open","ping_status":"open","sticky":false,"template":"","format":"standard","meta":{"footnotes":""},"categories":[1],"tags":[],"class_list":["post-22605","post","type-post","status-publish","format-standard","has-post-thumbnail","hentry","category-noticias"],"_links":{"self":[{"href":"https:\/\/blogdorogeriogomes.com.br\/noticias\/wp-json\/wp\/v2\/posts\/22605","targetHints":{"allow":["GET"]}}],"collection":[{"href":"https:\/\/blogdorogeriogomes.com.br\/noticias\/wp-json\/wp\/v2\/posts"}],"about":[{"href":"https:\/\/blogdorogeriogomes.com.br\/noticias\/wp-json\/wp\/v2\/types\/post"}],"author":[{"embeddable":true,"href":"https:\/\/blogdorogeriogomes.com.br\/noticias\/wp-json\/wp\/v2\/users\/1"}],"replies":[{"embeddable":true,"href":"https:\/\/blogdorogeriogomes.com.br\/noticias\/wp-json\/wp\/v2\/comments?post=22605"}],"version-history":[{"count":2,"href":"https:\/\/blogdorogeriogomes.com.br\/noticias\/wp-json\/wp\/v2\/posts\/22605\/revisions"}],"predecessor-version":[{"id":22609,"href":"https:\/\/blogdorogeriogomes.com.br\/noticias\/wp-json\/wp\/v2\/posts\/22605\/revisions\/22609"}],"wp:featuredmedia":[{"embeddable":true,"href":"https:\/\/blogdorogeriogomes.com.br\/noticias\/wp-json\/wp\/v2\/media\/22606"}],"wp:attachment":[{"href":"https:\/\/blogdorogeriogomes.com.br\/noticias\/wp-json\/wp\/v2\/media?parent=22605"}],"wp:term":[{"taxonomy":"category","embeddable":true,"href":"https:\/\/blogdorogeriogomes.com.br\/noticias\/wp-json\/wp\/v2\/categories?post=22605"},{"taxonomy":"post_tag","embeddable":true,"href":"https:\/\/blogdorogeriogomes.com.br\/noticias\/wp-json\/wp\/v2\/tags?post=22605"}],"curies":[{"name":"wp","href":"https:\/\/api.w.org\/{rel}","templated":true}]}}