{"id":22612,"date":"2021-09-03T09:57:45","date_gmt":"2021-09-03T09:57:45","guid":{"rendered":"https:\/\/blogdorogeriogomes.com.br\/?p=22612"},"modified":"2021-09-08T09:11:00","modified_gmt":"2021-09-08T09:11:00","slug":"presidentes-da-assembleia-e-camara-municipal-de-fortaleza-se-manifestam-sobre-defesa-das-instituicoes-e-da-democracia","status":"publish","type":"post","link":"https:\/\/blogdorogeriogomes.com.br\/noticias\/2021\/09\/presidentes-da-assembleia-e-camara-municipal-de-fortaleza-se-manifestam-sobre-defesa-das-instituicoes-e-da-democracia\/","title":{"rendered":"Presidentes da Assembleia e C\u00e2mara Municipal de Fortaleza se manifestam sobre defesa das institui\u00e7\u00f5es e da democracia"},"content":{"rendered":"\n<p>A exemplo de outras capitais brasileiras, Fortaleza n\u00e3o ter\u00e1 desfile c\u00edvico-militar na pr\u00f3xima ter\u00e7a-feira, dia 7 de setembro. No entanto, o presidente Jair Bolsonaro tem incentivado que seus aliados v\u00e3o \u00e0s ruas para protestar contra o STF e o Congresso. No entanto, em todo o Pa\u00eds cresce um movimento de defesa das institui\u00e7\u00f5es, de respeito aos Poderes da Rep\u00fablica e do Estado Democr\u00e1tico do Direito.<\/p>\n\n\n\n<p>No Cear\u00e1, os presidentes da Assembleia Legislativa do Cear\u00e1, Evandro Leit\u00e3o (PDT) e da C\u00e2mara Municipal de Fortaleza, Ant\u00f4nio Henrique (PDT), refor\u00e7aram suas defesas pela democracia e contra qualquer ato de viol\u00eancia no feriado de 7 de Setembro, como defendem alguns bolsonaristas radicais.<\/p>\n\n\n\n<p>&#8220;At\u00e9 aqueles que atacam a democracia podem ir \u00e0s ruas se manifestar gra\u00e7as \u00e0 ela (democracia). A liberdade de express\u00e3o, no entanto, termina quando atacamos as institui\u00e7\u00f5es brasileiras. Sem elas, deixamos de existir enquanto sociedade. Nenhum arroubo autorit\u00e1rio deve ressoar, pois a democracia \u00e9 a voz que legitima o nosso povo. N\u00e3o nos enganemos com aqueles que querem fazer um levante para golpear todas as representatividades dos cidad\u00e3os. Seja o Congresso Nacional, o Supremo Tribunal Federal e o Sistema Eleitoral, que garantiu a integridade do processo de vota\u00e7\u00e3o daqueles que hoje est\u00e3o no poder e agora se voltam contra este mesmo sistema&#8221;, afirmou Evandro Leit\u00e3o.<\/p>\n\n\n\n<p>\u201cA democracia se faz a partir do di\u00e1logo e da articula\u00e7\u00e3o de pensamentos divergentes em busca de um consenso, algo que seja para o bem-estar da maioria e que leve o Pa\u00eds para frente. Refor\u00e7o aqui: Pensar diferente n\u00e3o nos faz inimigos. N\u00e3o podemos esquecer que sem dialogar, n\u00f3s fazemos uma escolha pela ruptura. Apenas a partir do di\u00e1logo e da boa conviv\u00eancia com todas as percep\u00e7\u00f5es de mundo podemos construir uma sociedade melhor e um pa\u00eds cada vez mais justo, igualit\u00e1rio e livre \u201c, ressaltou Ant\u00f4nio Henrique.<\/p>\n\n\n\n<figure class=\"wp-block-image size-large\"><img loading=\"lazy\" decoding=\"async\" width=\"418\" height=\"314\" src=\"https:\/\/blogdorogeriogomes.com.br\/wp-content\/uploads\/2021\/09\/Presidente.jpg\" alt=\"\" class=\"wp-image-22611\" srcset=\"https:\/\/blogdorogeriogomes.com.br\/noticias\/wp-content\/uploads\/2021\/09\/Presidente.jpg 418w, https:\/\/blogdorogeriogomes.com.br\/noticias\/wp-content\/uploads\/2021\/09\/Presidente-300x225.jpg 300w, https:\/\/blogdorogeriogomes.com.br\/noticias\/wp-content\/uploads\/2021\/09\/Presidente-400x300.jpg 400w\" sizes=\"auto, (max-width: 418px) 100vw, 418px\" \/><\/figure>\n","protected":false},"excerpt":{"rendered":"<p>A exemplo de outras capitais brasileiras, Fortaleza n\u00e3o ter\u00e1 desfile c\u00edvico-militar na pr\u00f3xima ter\u00e7a-feira, dia 7 de setembro. No entanto, o presidente Jair Bolsonaro tem incentivado que seus aliados v\u00e3o \u00e0s ruas para protestar contra o STF e o Congresso. No entanto, em todo o Pa\u00eds cresce um movimento de defesa das institui\u00e7\u00f5es, de respeito aos Poderes da Rep\u00fablica e do Estado Democr\u00e1tico do Direito. No Cear\u00e1, os presidentes da Assembleia Legislativa do Cear\u00e1, Evandro Leit\u00e3o (PDT) e da&hellip;<\/p>\n","protected":false},"author":1,"featured_media":22611,"comment_status":"open","ping_status":"open","sticky":false,"template":"","format":"standard","meta":{"footnotes":""},"categories":[1],"tags":[],"class_list":["post-22612","post","type-post","status-publish","format-standard","has-post-thumbnail","hentry","category-noticias"],"_links":{"self":[{"href":"https:\/\/blogdorogeriogomes.com.br\/noticias\/wp-json\/wp\/v2\/posts\/22612","targetHints":{"allow":["GET"]}}],"collection":[{"href":"https:\/\/blogdorogeriogomes.com.br\/noticias\/wp-json\/wp\/v2\/posts"}],"about":[{"href":"https:\/\/blogdorogeriogomes.com.br\/noticias\/wp-json\/wp\/v2\/types\/post"}],"author":[{"embeddable":true,"href":"https:\/\/blogdorogeriogomes.com.br\/noticias\/wp-json\/wp\/v2\/users\/1"}],"replies":[{"embeddable":true,"href":"https:\/\/blogdorogeriogomes.com.br\/noticias\/wp-json\/wp\/v2\/comments?post=22612"}],"version-history":[{"count":1,"href":"https:\/\/blogdorogeriogomes.com.br\/noticias\/wp-json\/wp\/v2\/posts\/22612\/revisions"}],"predecessor-version":[{"id":22613,"href":"https:\/\/blogdorogeriogomes.com.br\/noticias\/wp-json\/wp\/v2\/posts\/22612\/revisions\/22613"}],"wp:featuredmedia":[{"embeddable":true,"href":"https:\/\/blogdorogeriogomes.com.br\/noticias\/wp-json\/wp\/v2\/media\/22611"}],"wp:attachment":[{"href":"https:\/\/blogdorogeriogomes.com.br\/noticias\/wp-json\/wp\/v2\/media?parent=22612"}],"wp:term":[{"taxonomy":"category","embeddable":true,"href":"https:\/\/blogdorogeriogomes.com.br\/noticias\/wp-json\/wp\/v2\/categories?post=22612"},{"taxonomy":"post_tag","embeddable":true,"href":"https:\/\/blogdorogeriogomes.com.br\/noticias\/wp-json\/wp\/v2\/tags?post=22612"}],"curies":[{"name":"wp","href":"https:\/\/api.w.org\/{rel}","templated":true}]}}