{"id":22617,"date":"2021-09-03T21:29:14","date_gmt":"2021-09-03T21:29:14","guid":{"rendered":"https:\/\/blogdorogeriogomes.com.br\/?p=22617"},"modified":"2021-09-08T09:10:41","modified_gmt":"2021-09-08T09:10:41","slug":"camilo-santana-recebe-segunda-dose-da-vacina-e-anuncia-mais-mudancas-em-novo-decreto","status":"publish","type":"post","link":"https:\/\/blogdorogeriogomes.com.br\/noticias\/2021\/09\/camilo-santana-recebe-segunda-dose-da-vacina-e-anuncia-mais-mudancas-em-novo-decreto\/","title":{"rendered":"Camilo Santana recebe segunda dose da vacina e anuncia mais mudan\u00e7as em novo decreto"},"content":{"rendered":"\n<p>O &nbsp;novo decreto de combate \u00e0 pandemia de Covid-19, que entra em vigor na pr\u00f3xima segunda-feira, dia 6 de setembro, ter\u00e1 algumas altera\u00e7\u00f5es. A principal \u00e9 a amplia\u00e7\u00e3o do hor\u00e1rio de funcionamento do com\u00e9rcio de rua (das 8 \u00e0s 22h) e das academias de gin\u00e1stica (das 5h30min \u00e0s 22h30mon). O decreto ser\u00e1 v\u00e1lido por 15 dias.<\/p>\n\n\n\n<p>Tamb\u00e9m est\u00e3o autorizados eventos sociais com limita\u00e7\u00e3o de at\u00e9 300 pessoas, com protocolo espec\u00edfico; realiza\u00e7\u00e3o de eventos-teste, seguindo os protocolos sanit\u00e1rios, incluindo a obrigatoriedade de todos comprovarem o esquema vacinal completo (D1 + D2 ou dose \u00fanica) e exames negativos com testes v\u00e1lidos at\u00e9 48 horas antes dos eventos.<\/p>\n\n\n\n<p>Camilo Santana destacou o avan\u00e7o da imuniza\u00e7\u00e3o da popula\u00e7\u00e3o cearense e informou que a Sesa est\u00e1 trabalhando em um calend\u00e1rio para iniciar em breve uma terceira dose aos idosos do Cear\u00e1. Inclusive, o governador cearense recebeu a segunda dose da vacina contra a Covid-19, nesta sexta-feira, dia 3 de setembro.<\/p>\n\n\n\n<figure class=\"wp-block-image size-large\"><img loading=\"lazy\" decoding=\"async\" width=\"984\" height=\"657\" src=\"https:\/\/blogdorogeriogomes.com.br\/wp-content\/uploads\/2021\/09\/whatsapp-image-2021-09-03-at-17.04.11-1-.jpeg\" alt=\"\" class=\"wp-image-22618\" srcset=\"https:\/\/blogdorogeriogomes.com.br\/noticias\/wp-content\/uploads\/2021\/09\/whatsapp-image-2021-09-03-at-17.04.11-1-.jpeg 984w, https:\/\/blogdorogeriogomes.com.br\/noticias\/wp-content\/uploads\/2021\/09\/whatsapp-image-2021-09-03-at-17.04.11-1--300x200.jpeg 300w, https:\/\/blogdorogeriogomes.com.br\/noticias\/wp-content\/uploads\/2021\/09\/whatsapp-image-2021-09-03-at-17.04.11-1--768x513.jpeg 768w, https:\/\/blogdorogeriogomes.com.br\/noticias\/wp-content\/uploads\/2021\/09\/whatsapp-image-2021-09-03-at-17.04.11-1--800x534.jpeg 800w\" sizes=\"auto, (max-width: 984px) 100vw, 984px\" \/><\/figure>\n","protected":false},"excerpt":{"rendered":"<p>O &nbsp;novo decreto de combate \u00e0 pandemia de Covid-19, que entra em vigor na pr\u00f3xima segunda-feira, dia 6 de setembro, ter\u00e1 algumas altera\u00e7\u00f5es. A principal \u00e9 a amplia\u00e7\u00e3o do hor\u00e1rio de funcionamento do com\u00e9rcio de rua (das 8 \u00e0s 22h) e das academias de gin\u00e1stica (das 5h30min \u00e0s 22h30mon). O decreto ser\u00e1 v\u00e1lido por 15 dias. Tamb\u00e9m est\u00e3o autorizados eventos sociais com limita\u00e7\u00e3o de at\u00e9 300 pessoas, com protocolo espec\u00edfico; realiza\u00e7\u00e3o de eventos-teste, seguindo os protocolos sanit\u00e1rios, incluindo a&hellip;<\/p>\n","protected":false},"author":1,"featured_media":22618,"comment_status":"open","ping_status":"open","sticky":false,"template":"","format":"standard","meta":{"footnotes":""},"categories":[1],"tags":[],"class_list":["post-22617","post","type-post","status-publish","format-standard","has-post-thumbnail","hentry","category-noticias"],"_links":{"self":[{"href":"https:\/\/blogdorogeriogomes.com.br\/noticias\/wp-json\/wp\/v2\/posts\/22617","targetHints":{"allow":["GET"]}}],"collection":[{"href":"https:\/\/blogdorogeriogomes.com.br\/noticias\/wp-json\/wp\/v2\/posts"}],"about":[{"href":"https:\/\/blogdorogeriogomes.com.br\/noticias\/wp-json\/wp\/v2\/types\/post"}],"author":[{"embeddable":true,"href":"https:\/\/blogdorogeriogomes.com.br\/noticias\/wp-json\/wp\/v2\/users\/1"}],"replies":[{"embeddable":true,"href":"https:\/\/blogdorogeriogomes.com.br\/noticias\/wp-json\/wp\/v2\/comments?post=22617"}],"version-history":[{"count":2,"href":"https:\/\/blogdorogeriogomes.com.br\/noticias\/wp-json\/wp\/v2\/posts\/22617\/revisions"}],"predecessor-version":[{"id":22637,"href":"https:\/\/blogdorogeriogomes.com.br\/noticias\/wp-json\/wp\/v2\/posts\/22617\/revisions\/22637"}],"wp:featuredmedia":[{"embeddable":true,"href":"https:\/\/blogdorogeriogomes.com.br\/noticias\/wp-json\/wp\/v2\/media\/22618"}],"wp:attachment":[{"href":"https:\/\/blogdorogeriogomes.com.br\/noticias\/wp-json\/wp\/v2\/media?parent=22617"}],"wp:term":[{"taxonomy":"category","embeddable":true,"href":"https:\/\/blogdorogeriogomes.com.br\/noticias\/wp-json\/wp\/v2\/categories?post=22617"},{"taxonomy":"post_tag","embeddable":true,"href":"https:\/\/blogdorogeriogomes.com.br\/noticias\/wp-json\/wp\/v2\/tags?post=22617"}],"curies":[{"name":"wp","href":"https:\/\/api.w.org\/{rel}","templated":true}]}}