{"id":22620,"date":"2021-09-03T21:55:52","date_gmt":"2021-09-03T21:55:52","guid":{"rendered":"https:\/\/blogdorogeriogomes.com.br\/?p=22620"},"modified":"2021-09-08T09:10:32","modified_gmt":"2021-09-08T09:10:32","slug":"blogueiro-bolsonarista-do-ceara-e-preso-por-determinacao-do-ministro-alexandre-de-moraes","status":"publish","type":"post","link":"https:\/\/blogdorogeriogomes.com.br\/noticias\/2021\/09\/blogueiro-bolsonarista-do-ceara-e-preso-por-determinacao-do-ministro-alexandre-de-moraes\/","title":{"rendered":"Blogueiro bolsonarista do Cear\u00e1 \u00e9 preso por determina\u00e7\u00e3o do ministro Alexandre de Moraes"},"content":{"rendered":"\n<p>O blogueiro cearense Wellington Macedo&nbsp;foi preso pela Pol\u00edcia Federal, na tarde desta sexta-feira, dia 3 de setembro, no \u00e2mbito do inqu\u00e9rito que investiga ataques antidemocr\u00e1ticos.&nbsp;Wellington Macedo \u00e9 defensor do presidente Jair Bolsonaro nas redes sociais e teve a pris\u00e3o determinada pelo ministro do Supremo Tribunal Federal, Alexandre de Moraes. A pris\u00e3o do cearense aconteceu em um hotel em Bras\u00edlia. As redes sociais do blogueiro foram bloqueadas.<\/p>\n\n\n\n<p>Wellington Macedo \u00e9 um dos alvos do inqu\u00e9rito aberto a pedido da subprocuradora geral da Rep\u00fablica, Lind\u00f4ra Ara\u00fajo, cerca de duas semanas atr\u00e1s, para investigar a organiza\u00e7\u00e3o de atos no 7 de Setembro. <\/p>\n\n\n\n<p>O blogueiro cearense j\u00e1 havia sido alvo de um mandado de busca e apreens\u00e3o, autorizado pelo STF, no m\u00eas agosto, ao lado do cantor S\u00e9rgio Reis, o deputado federal bolsonarista Otoni de Paula (PSC-RJ), e outras oito pessoas.<\/p>\n\n\n\n<figure class=\"wp-block-image size-large\"><img loading=\"lazy\" decoding=\"async\" width=\"611\" height=\"501\" src=\"https:\/\/blogdorogeriogomes.com.br\/wp-content\/uploads\/2021\/09\/images-34.jpeg\" alt=\"\" class=\"wp-image-22621\" srcset=\"https:\/\/blogdorogeriogomes.com.br\/noticias\/wp-content\/uploads\/2021\/09\/images-34.jpeg 611w, https:\/\/blogdorogeriogomes.com.br\/noticias\/wp-content\/uploads\/2021\/09\/images-34-300x246.jpeg 300w\" sizes=\"auto, (max-width: 611px) 100vw, 611px\" \/><\/figure>\n","protected":false},"excerpt":{"rendered":"<p>O blogueiro cearense Wellington Macedo&nbsp;foi preso pela Pol\u00edcia Federal, na tarde desta sexta-feira, dia 3 de setembro, no \u00e2mbito do inqu\u00e9rito que investiga ataques antidemocr\u00e1ticos.&nbsp;Wellington Macedo \u00e9 defensor do presidente Jair Bolsonaro nas redes sociais e teve a pris\u00e3o determinada pelo ministro do Supremo Tribunal Federal, Alexandre de Moraes. A pris\u00e3o do cearense aconteceu em um hotel em Bras\u00edlia. As redes sociais do blogueiro foram bloqueadas. Wellington Macedo \u00e9 um dos alvos do inqu\u00e9rito aberto a pedido da subprocuradora&hellip;<\/p>\n","protected":false},"author":1,"featured_media":22621,"comment_status":"open","ping_status":"open","sticky":false,"template":"","format":"standard","meta":{"footnotes":""},"categories":[1],"tags":[],"class_list":["post-22620","post","type-post","status-publish","format-standard","has-post-thumbnail","hentry","category-noticias"],"_links":{"self":[{"href":"https:\/\/blogdorogeriogomes.com.br\/noticias\/wp-json\/wp\/v2\/posts\/22620","targetHints":{"allow":["GET"]}}],"collection":[{"href":"https:\/\/blogdorogeriogomes.com.br\/noticias\/wp-json\/wp\/v2\/posts"}],"about":[{"href":"https:\/\/blogdorogeriogomes.com.br\/noticias\/wp-json\/wp\/v2\/types\/post"}],"author":[{"embeddable":true,"href":"https:\/\/blogdorogeriogomes.com.br\/noticias\/wp-json\/wp\/v2\/users\/1"}],"replies":[{"embeddable":true,"href":"https:\/\/blogdorogeriogomes.com.br\/noticias\/wp-json\/wp\/v2\/comments?post=22620"}],"version-history":[{"count":2,"href":"https:\/\/blogdorogeriogomes.com.br\/noticias\/wp-json\/wp\/v2\/posts\/22620\/revisions"}],"predecessor-version":[{"id":22636,"href":"https:\/\/blogdorogeriogomes.com.br\/noticias\/wp-json\/wp\/v2\/posts\/22620\/revisions\/22636"}],"wp:featuredmedia":[{"embeddable":true,"href":"https:\/\/blogdorogeriogomes.com.br\/noticias\/wp-json\/wp\/v2\/media\/22621"}],"wp:attachment":[{"href":"https:\/\/blogdorogeriogomes.com.br\/noticias\/wp-json\/wp\/v2\/media?parent=22620"}],"wp:term":[{"taxonomy":"category","embeddable":true,"href":"https:\/\/blogdorogeriogomes.com.br\/noticias\/wp-json\/wp\/v2\/categories?post=22620"},{"taxonomy":"post_tag","embeddable":true,"href":"https:\/\/blogdorogeriogomes.com.br\/noticias\/wp-json\/wp\/v2\/tags?post=22620"}],"curies":[{"name":"wp","href":"https:\/\/api.w.org\/{rel}","templated":true}]}}