{"id":22623,"date":"2021-09-06T10:23:45","date_gmt":"2021-09-06T10:23:45","guid":{"rendered":"https:\/\/blogdorogeriogomes.com.br\/?p=22623"},"modified":"2021-09-08T09:10:05","modified_gmt":"2021-09-08T09:10:05","slug":"incendio-atinge-predio-do-tribunal-de-justica-do-ceara","status":"publish","type":"post","link":"https:\/\/blogdorogeriogomes.com.br\/noticias\/2021\/09\/incendio-atinge-predio-do-tribunal-de-justica-do-ceara\/","title":{"rendered":"Inc\u00eandio atinge pr\u00e9dio do Tribunal de Justi\u00e7a do Cear\u00e1"},"content":{"rendered":"\n<p>A sede do Tribunal de Justi\u00e7a do Cear\u00e1 (TJCE), no Cambeba, em Fortaleza, foi atingida por um inc\u00eandio na manh\u00e3 desta segunda-feira, dia 6 de setembro. O fogo teve in\u00edcio \u00e0s 4 horas da manh\u00e3 no setor de almoxarifado e se espalhou para outros setores. Cerca de 60 homens do Corpo de Bombeiros participaram da a\u00e7\u00e3o de combate \u00e0s chamas. N\u00e3o h\u00e1 pessoas feridas.<\/p>\n\n\n\n<p>Ap\u00f3s o controle do inc\u00eandio, ser\u00e1 iniciado um procedimento de investiga\u00e7\u00e3o das causas do fogo. Tamb\u00e9m ser\u00e1 feito um levantamento sobre os preju\u00edzos causados pelas chamas no pr\u00e9dio do TJCE. A fuma\u00e7a causada pelo inc\u00eandio foi vista em v\u00e1rios bairros da Capital.<\/p>\n\n\n\n<figure class=\"wp-block-image size-large\"><img loading=\"lazy\" decoding=\"async\" width=\"1024\" height=\"576\" src=\"https:\/\/blogdorogeriogomes.com.br\/wp-content\/uploads\/2021\/09\/incendio-tribunal-de-justica-2-1024x576.jpg\" alt=\"\" class=\"wp-image-22624\" srcset=\"https:\/\/blogdorogeriogomes.com.br\/noticias\/wp-content\/uploads\/2021\/09\/incendio-tribunal-de-justica-2-1024x576.jpg 1024w, https:\/\/blogdorogeriogomes.com.br\/noticias\/wp-content\/uploads\/2021\/09\/incendio-tribunal-de-justica-2-300x169.jpg 300w, https:\/\/blogdorogeriogomes.com.br\/noticias\/wp-content\/uploads\/2021\/09\/incendio-tribunal-de-justica-2-768x432.jpg 768w, https:\/\/blogdorogeriogomes.com.br\/noticias\/wp-content\/uploads\/2021\/09\/incendio-tribunal-de-justica-2-800x450.jpg 800w, https:\/\/blogdorogeriogomes.com.br\/noticias\/wp-content\/uploads\/2021\/09\/incendio-tribunal-de-justica-2.jpg 1080w\" sizes=\"auto, (max-width: 1024px) 100vw, 1024px\" \/><\/figure>\n","protected":false},"excerpt":{"rendered":"<p>A sede do Tribunal de Justi\u00e7a do Cear\u00e1 (TJCE), no Cambeba, em Fortaleza, foi atingida por um inc\u00eandio na manh\u00e3 desta segunda-feira, dia 6 de setembro. O fogo teve in\u00edcio \u00e0s 4 horas da manh\u00e3 no setor de almoxarifado e se espalhou para outros setores. Cerca de 60 homens do Corpo de Bombeiros participaram da a\u00e7\u00e3o de combate \u00e0s chamas. N\u00e3o h\u00e1 pessoas feridas. Ap\u00f3s o controle do inc\u00eandio, ser\u00e1 iniciado um procedimento de investiga\u00e7\u00e3o das causas do fogo.&hellip;<\/p>\n","protected":false},"author":1,"featured_media":22624,"comment_status":"open","ping_status":"open","sticky":false,"template":"","format":"standard","meta":{"footnotes":""},"categories":[1],"tags":[],"class_list":["post-22623","post","type-post","status-publish","format-standard","has-post-thumbnail","hentry","category-noticias"],"_links":{"self":[{"href":"https:\/\/blogdorogeriogomes.com.br\/noticias\/wp-json\/wp\/v2\/posts\/22623","targetHints":{"allow":["GET"]}}],"collection":[{"href":"https:\/\/blogdorogeriogomes.com.br\/noticias\/wp-json\/wp\/v2\/posts"}],"about":[{"href":"https:\/\/blogdorogeriogomes.com.br\/noticias\/wp-json\/wp\/v2\/types\/post"}],"author":[{"embeddable":true,"href":"https:\/\/blogdorogeriogomes.com.br\/noticias\/wp-json\/wp\/v2\/users\/1"}],"replies":[{"embeddable":true,"href":"https:\/\/blogdorogeriogomes.com.br\/noticias\/wp-json\/wp\/v2\/comments?post=22623"}],"version-history":[{"count":1,"href":"https:\/\/blogdorogeriogomes.com.br\/noticias\/wp-json\/wp\/v2\/posts\/22623\/revisions"}],"predecessor-version":[{"id":22625,"href":"https:\/\/blogdorogeriogomes.com.br\/noticias\/wp-json\/wp\/v2\/posts\/22623\/revisions\/22625"}],"wp:featuredmedia":[{"embeddable":true,"href":"https:\/\/blogdorogeriogomes.com.br\/noticias\/wp-json\/wp\/v2\/media\/22624"}],"wp:attachment":[{"href":"https:\/\/blogdorogeriogomes.com.br\/noticias\/wp-json\/wp\/v2\/media?parent=22623"}],"wp:term":[{"taxonomy":"category","embeddable":true,"href":"https:\/\/blogdorogeriogomes.com.br\/noticias\/wp-json\/wp\/v2\/categories?post=22623"},{"taxonomy":"post_tag","embeddable":true,"href":"https:\/\/blogdorogeriogomes.com.br\/noticias\/wp-json\/wp\/v2\/tags?post=22623"}],"curies":[{"name":"wp","href":"https:\/\/api.w.org\/{rel}","templated":true}]}}