{"id":22626,"date":"2021-09-06T23:43:06","date_gmt":"2021-09-06T23:43:06","guid":{"rendered":"https:\/\/blogdorogeriogomes.com.br\/?p=22626"},"modified":"2021-09-08T09:10:11","modified_gmt":"2021-09-08T09:10:11","slug":"ministro-alexandre-de-moraes-determina-novas-prisoes-e-buscas-contra-responsaveis-por-atos-que-ameacam-stf-e-congresso","status":"publish","type":"post","link":"https:\/\/blogdorogeriogomes.com.br\/noticias\/2021\/09\/ministro-alexandre-de-moraes-determina-novas-prisoes-e-buscas-contra-responsaveis-por-atos-que-ameacam-stf-e-congresso\/","title":{"rendered":"Ministro Alexandre de Moraes determina novas pris\u00f5es e buscas contra respons\u00e1veis por atos que amea\u00e7am STF e Congresso"},"content":{"rendered":"\n<p>Na v\u00e9spera do feriado de 7 de Setembro, que prev\u00ea protestos pelo Pa\u00eds, o ministro do STF, Alexandre de Moraes, determinou novas pris\u00f5es preventivas e buscas e apreens\u00e3o contra os respons\u00e1veis por atos antidemocraticos. <\/p>\n\n\n\n<p>As medidas tomadas por Alexandre de Moraes e cumpridas pela Pol\u00edcia Federal s\u00e3o&nbsp;a pris\u00e3o de envolvidos na organiza\u00e7\u00e3o de ataques contra o STF e Congresso Nacional, buscas e apreens\u00f5es em endere\u00e7os e bloqueio de contas banc\u00e1rias. <\/p>\n\n\n\n<p>Foram determinadas a pris\u00e3o preventiva e o bloqueio das redes sociais de&nbsp;M\u00e1rcio Giovani Niquelatti&nbsp;e&nbsp;C\u00e1ssio Rodrigues Costa Souza, por amea\u00e7as a ministros do STF, buscas e apreens\u00f5es em&nbsp;endere\u00e7os da Associa\u00e7\u00e3o Nacional dos Produtores de Soja (Aprosoja) e a Aprosoja de Mato Grosso; bloqueio de saques das contas banc\u00e1rias da Aprosoja e da Aprosoja de Mato Grosso;busca e apreens\u00e3o em endere\u00e7os do prefeito de Cerro Grande do Sul (RS), Gilmar Jo\u00e3o Alba (PSL).<\/p>\n\n\n\n<figure class=\"wp-block-image size-large\"><img loading=\"lazy\" decoding=\"async\" width=\"1024\" height=\"576\" src=\"https:\/\/blogdorogeriogomes.com.br\/wp-content\/uploads\/2021\/09\/51281561438-095d4cd8e0-k-1024x576.jpg\" alt=\"\" class=\"wp-image-22627\" srcset=\"https:\/\/blogdorogeriogomes.com.br\/noticias\/wp-content\/uploads\/2021\/09\/51281561438-095d4cd8e0-k-1024x576.jpg 1024w, https:\/\/blogdorogeriogomes.com.br\/noticias\/wp-content\/uploads\/2021\/09\/51281561438-095d4cd8e0-k-300x169.jpg 300w, https:\/\/blogdorogeriogomes.com.br\/noticias\/wp-content\/uploads\/2021\/09\/51281561438-095d4cd8e0-k-768x432.jpg 768w, https:\/\/blogdorogeriogomes.com.br\/noticias\/wp-content\/uploads\/2021\/09\/51281561438-095d4cd8e0-k-800x450.jpg 800w, https:\/\/blogdorogeriogomes.com.br\/noticias\/wp-content\/uploads\/2021\/09\/51281561438-095d4cd8e0-k.jpg 1080w\" sizes=\"auto, (max-width: 1024px) 100vw, 1024px\" \/><\/figure>\n","protected":false},"excerpt":{"rendered":"<p>Na v\u00e9spera do feriado de 7 de Setembro, que prev\u00ea protestos pelo Pa\u00eds, o ministro do STF, Alexandre de Moraes, determinou novas pris\u00f5es preventivas e buscas e apreens\u00e3o contra os respons\u00e1veis por atos antidemocraticos. As medidas tomadas por Alexandre de Moraes e cumpridas pela Pol\u00edcia Federal s\u00e3o&nbsp;a pris\u00e3o de envolvidos na organiza\u00e7\u00e3o de ataques contra o STF e Congresso Nacional, buscas e apreens\u00f5es em endere\u00e7os e bloqueio de contas banc\u00e1rias. Foram determinadas a pris\u00e3o preventiva e o bloqueio das&hellip;<\/p>\n","protected":false},"author":1,"featured_media":22627,"comment_status":"open","ping_status":"open","sticky":false,"template":"","format":"standard","meta":{"footnotes":""},"categories":[1],"tags":[],"class_list":["post-22626","post","type-post","status-publish","format-standard","has-post-thumbnail","hentry","category-noticias"],"_links":{"self":[{"href":"https:\/\/blogdorogeriogomes.com.br\/noticias\/wp-json\/wp\/v2\/posts\/22626","targetHints":{"allow":["GET"]}}],"collection":[{"href":"https:\/\/blogdorogeriogomes.com.br\/noticias\/wp-json\/wp\/v2\/posts"}],"about":[{"href":"https:\/\/blogdorogeriogomes.com.br\/noticias\/wp-json\/wp\/v2\/types\/post"}],"author":[{"embeddable":true,"href":"https:\/\/blogdorogeriogomes.com.br\/noticias\/wp-json\/wp\/v2\/users\/1"}],"replies":[{"embeddable":true,"href":"https:\/\/blogdorogeriogomes.com.br\/noticias\/wp-json\/wp\/v2\/comments?post=22626"}],"version-history":[{"count":2,"href":"https:\/\/blogdorogeriogomes.com.br\/noticias\/wp-json\/wp\/v2\/posts\/22626\/revisions"}],"predecessor-version":[{"id":22635,"href":"https:\/\/blogdorogeriogomes.com.br\/noticias\/wp-json\/wp\/v2\/posts\/22626\/revisions\/22635"}],"wp:featuredmedia":[{"embeddable":true,"href":"https:\/\/blogdorogeriogomes.com.br\/noticias\/wp-json\/wp\/v2\/media\/22627"}],"wp:attachment":[{"href":"https:\/\/blogdorogeriogomes.com.br\/noticias\/wp-json\/wp\/v2\/media?parent=22626"}],"wp:term":[{"taxonomy":"category","embeddable":true,"href":"https:\/\/blogdorogeriogomes.com.br\/noticias\/wp-json\/wp\/v2\/categories?post=22626"},{"taxonomy":"post_tag","embeddable":true,"href":"https:\/\/blogdorogeriogomes.com.br\/noticias\/wp-json\/wp\/v2\/tags?post=22626"}],"curies":[{"name":"wp","href":"https:\/\/api.w.org\/{rel}","templated":true}]}}