{"id":22629,"date":"2021-09-07T00:04:19","date_gmt":"2021-09-07T00:04:19","guid":{"rendered":"https:\/\/blogdorogeriogomes.com.br\/?p=22629"},"modified":"2021-09-08T09:09:10","modified_gmt":"2021-09-08T09:09:10","slug":"fortaleza-inicia-a-vacinacao-com-terceira-dose-contra-a-covid-19-para-idosos-nesta-quarta-feira","status":"publish","type":"post","link":"https:\/\/blogdorogeriogomes.com.br\/noticias\/2021\/09\/fortaleza-inicia-a-vacinacao-com-terceira-dose-contra-a-covid-19-para-idosos-nesta-quarta-feira\/","title":{"rendered":"Fortaleza inicia a vacina\u00e7\u00e3o com terceira dose contra a Covid-19 para idosos nesta quarta-feira"},"content":{"rendered":"\n<p>A Prefeitura de Fortaleza inicia, nesta quarta-feira, dia 8 de setembro, a aplica\u00e7\u00e3o da terceira dose da vacina contra a Covid-19 para pessoas idosas com mais de 70 anos e imunossuprimidas (transplantadas recentemente, com c\u00e2ncer, queimaduras graves) que tomaram a segunda dose da vacina h\u00e1 pelo menos seis meses.<\/p>\n\n\n\n<p>Na Capital, a vacina\u00e7\u00e3o extra vai come\u00e7ar pelos 862 idosos que vivem em Institui\u00e7\u00f5es de Longa Perman\u00eancia. O primeiro local contemplado ser\u00e1 o Lar Torres de Melo, onde h\u00e1 164 idosos, que est\u00e3o aptos para a terceira dose do imunizante, que ser\u00e1 a vacina da Pfizer. <\/p>\n\n\n\n<figure class=\"wp-block-image size-large\"><img loading=\"lazy\" decoding=\"async\" width=\"607\" height=\"505\" src=\"https:\/\/blogdorogeriogomes.com.br\/wp-content\/uploads\/2021\/09\/images-35.jpeg\" alt=\"\" class=\"wp-image-22630\" srcset=\"https:\/\/blogdorogeriogomes.com.br\/noticias\/wp-content\/uploads\/2021\/09\/images-35.jpeg 607w, https:\/\/blogdorogeriogomes.com.br\/noticias\/wp-content\/uploads\/2021\/09\/images-35-300x250.jpeg 300w\" sizes=\"auto, (max-width: 607px) 100vw, 607px\" \/><\/figure>\n","protected":false},"excerpt":{"rendered":"<p>A Prefeitura de Fortaleza inicia, nesta quarta-feira, dia 8 de setembro, a aplica\u00e7\u00e3o da terceira dose da vacina contra a Covid-19 para pessoas idosas com mais de 70 anos e imunossuprimidas (transplantadas recentemente, com c\u00e2ncer, queimaduras graves) que tomaram a segunda dose da vacina h\u00e1 pelo menos seis meses. Na Capital, a vacina\u00e7\u00e3o extra vai come\u00e7ar pelos 862 idosos que vivem em Institui\u00e7\u00f5es de Longa Perman\u00eancia. O primeiro local contemplado ser\u00e1 o Lar Torres de Melo, onde h\u00e1 164&hellip;<\/p>\n","protected":false},"author":1,"featured_media":22630,"comment_status":"open","ping_status":"open","sticky":false,"template":"","format":"standard","meta":{"footnotes":""},"categories":[1],"tags":[],"class_list":["post-22629","post","type-post","status-publish","format-standard","has-post-thumbnail","hentry","category-noticias"],"_links":{"self":[{"href":"https:\/\/blogdorogeriogomes.com.br\/noticias\/wp-json\/wp\/v2\/posts\/22629","targetHints":{"allow":["GET"]}}],"collection":[{"href":"https:\/\/blogdorogeriogomes.com.br\/noticias\/wp-json\/wp\/v2\/posts"}],"about":[{"href":"https:\/\/blogdorogeriogomes.com.br\/noticias\/wp-json\/wp\/v2\/types\/post"}],"author":[{"embeddable":true,"href":"https:\/\/blogdorogeriogomes.com.br\/noticias\/wp-json\/wp\/v2\/users\/1"}],"replies":[{"embeddable":true,"href":"https:\/\/blogdorogeriogomes.com.br\/noticias\/wp-json\/wp\/v2\/comments?post=22629"}],"version-history":[{"count":1,"href":"https:\/\/blogdorogeriogomes.com.br\/noticias\/wp-json\/wp\/v2\/posts\/22629\/revisions"}],"predecessor-version":[{"id":22631,"href":"https:\/\/blogdorogeriogomes.com.br\/noticias\/wp-json\/wp\/v2\/posts\/22629\/revisions\/22631"}],"wp:featuredmedia":[{"embeddable":true,"href":"https:\/\/blogdorogeriogomes.com.br\/noticias\/wp-json\/wp\/v2\/media\/22630"}],"wp:attachment":[{"href":"https:\/\/blogdorogeriogomes.com.br\/noticias\/wp-json\/wp\/v2\/media?parent=22629"}],"wp:term":[{"taxonomy":"category","embeddable":true,"href":"https:\/\/blogdorogeriogomes.com.br\/noticias\/wp-json\/wp\/v2\/categories?post=22629"},{"taxonomy":"post_tag","embeddable":true,"href":"https:\/\/blogdorogeriogomes.com.br\/noticias\/wp-json\/wp\/v2\/tags?post=22629"}],"curies":[{"name":"wp","href":"https:\/\/api.w.org\/{rel}","templated":true}]}}