{"id":22632,"date":"2021-09-07T22:32:12","date_gmt":"2021-09-07T22:32:12","guid":{"rendered":"https:\/\/blogdorogeriogomes.com.br\/?p=22632"},"modified":"2021-09-08T09:09:42","modified_gmt":"2021-09-08T09:09:42","slug":"bolsonaro-prega-desrespeito-ao-stf-apoiadores-vao-as-ruas-mas-a-pobreza-esta-a-espera-de-um-governo-que-atue-de-verdade","status":"publish","type":"post","link":"https:\/\/blogdorogeriogomes.com.br\/noticias\/2021\/09\/bolsonaro-prega-desrespeito-ao-stf-apoiadores-vao-as-ruas-mas-a-pobreza-esta-a-espera-de-um-governo-que-atue-de-verdade\/","title":{"rendered":"Bolsonaro prega desrespeito ao STF, apoiadores v\u00e3o \u00e0s ruas, mas a pobreza est\u00e1 \u00e0 espera de um governo que atue de verdade"},"content":{"rendered":"\n<p>Os apoiadores do presidente Jair Bolsonaro foram \u00e0s ruas neste ter\u00e7a-feira, dia 7 de setembro, para atacar o Supremo Tribunal Federal e o Congresso Nacional. Uma pauta que, nem de longe, responde aos problemas do Pa\u00eds: infla\u00e7\u00e3o alta, crise h\u00eddrica, desemprego de mais de 14 milh\u00f5es de pessoas, amea\u00e7a de apag\u00e3o, pre\u00e7o dos alimentos em disparada, gasolina e g\u00e1s de cozinha com valores impratic\u00e1veis.<\/p>\n\n\n\n<p>Jair Bolsonaro chamou os protestos, participou efetivamente deles em Bras\u00edlia e S\u00e3o Paulo. Pregou o desrespeito \u00e0s decis\u00f5es judiciais e est\u00e1 pass\u00edvel de responder por crime de responsabilidade. <\/p>\n\n\n\n<p>Nesta quarta-feira, dia 8, a oposi\u00e7\u00e3o promete reagir diante de uma tentativa de desestabiliza\u00e7\u00e3o do Pa\u00eds. O presidente da Rep\u00fablica aposta na desregula\u00e7\u00e3o das institui\u00e7\u00f5es para comandar o Brasil \u00e0s suas vontades. N\u00e3o vai conseguir. H\u00e1 uma Constitui\u00e7\u00e3o a ser cumprida.<\/p>\n\n\n\n<p>Liberdade de express\u00e3o n\u00e3o tem nada a ver com amea\u00e7a a quem quer que seja. Diferen\u00e7a de opini\u00e3o se respeita. Amea\u00e7a a vida \u00e9 crime e pass\u00edvel de puni\u00e7\u00e3o. N\u00e3o importa o cargo ou fun\u00e7\u00e3o.<\/p>\n\n\n\n<figure class=\"wp-block-image size-large\"><img loading=\"lazy\" decoding=\"async\" width=\"659\" height=\"465\" src=\"https:\/\/blogdorogeriogomes.com.br\/wp-content\/uploads\/2021\/09\/images-36.jpeg\" alt=\"\" class=\"wp-image-22633\" srcset=\"https:\/\/blogdorogeriogomes.com.br\/noticias\/wp-content\/uploads\/2021\/09\/images-36.jpeg 659w, https:\/\/blogdorogeriogomes.com.br\/noticias\/wp-content\/uploads\/2021\/09\/images-36-300x212.jpeg 300w\" sizes=\"auto, (max-width: 659px) 100vw, 659px\" \/><\/figure>\n","protected":false},"excerpt":{"rendered":"<p>Os apoiadores do presidente Jair Bolsonaro foram \u00e0s ruas neste ter\u00e7a-feira, dia 7 de setembro, para atacar o Supremo Tribunal Federal e o Congresso Nacional. Uma pauta que, nem de longe, responde aos problemas do Pa\u00eds: infla\u00e7\u00e3o alta, crise h\u00eddrica, desemprego de mais de 14 milh\u00f5es de pessoas, amea\u00e7a de apag\u00e3o, pre\u00e7o dos alimentos em disparada, gasolina e g\u00e1s de cozinha com valores impratic\u00e1veis. Jair Bolsonaro chamou os protestos, participou efetivamente deles em Bras\u00edlia e S\u00e3o Paulo. Pregou o&hellip;<\/p>\n","protected":false},"author":1,"featured_media":22633,"comment_status":"open","ping_status":"open","sticky":false,"template":"","format":"standard","meta":{"footnotes":""},"categories":[1],"tags":[],"class_list":["post-22632","post","type-post","status-publish","format-standard","has-post-thumbnail","hentry","category-noticias"],"_links":{"self":[{"href":"https:\/\/blogdorogeriogomes.com.br\/noticias\/wp-json\/wp\/v2\/posts\/22632","targetHints":{"allow":["GET"]}}],"collection":[{"href":"https:\/\/blogdorogeriogomes.com.br\/noticias\/wp-json\/wp\/v2\/posts"}],"about":[{"href":"https:\/\/blogdorogeriogomes.com.br\/noticias\/wp-json\/wp\/v2\/types\/post"}],"author":[{"embeddable":true,"href":"https:\/\/blogdorogeriogomes.com.br\/noticias\/wp-json\/wp\/v2\/users\/1"}],"replies":[{"embeddable":true,"href":"https:\/\/blogdorogeriogomes.com.br\/noticias\/wp-json\/wp\/v2\/comments?post=22632"}],"version-history":[{"count":1,"href":"https:\/\/blogdorogeriogomes.com.br\/noticias\/wp-json\/wp\/v2\/posts\/22632\/revisions"}],"predecessor-version":[{"id":22634,"href":"https:\/\/blogdorogeriogomes.com.br\/noticias\/wp-json\/wp\/v2\/posts\/22632\/revisions\/22634"}],"wp:featuredmedia":[{"embeddable":true,"href":"https:\/\/blogdorogeriogomes.com.br\/noticias\/wp-json\/wp\/v2\/media\/22633"}],"wp:attachment":[{"href":"https:\/\/blogdorogeriogomes.com.br\/noticias\/wp-json\/wp\/v2\/media?parent=22632"}],"wp:term":[{"taxonomy":"category","embeddable":true,"href":"https:\/\/blogdorogeriogomes.com.br\/noticias\/wp-json\/wp\/v2\/categories?post=22632"},{"taxonomy":"post_tag","embeddable":true,"href":"https:\/\/blogdorogeriogomes.com.br\/noticias\/wp-json\/wp\/v2\/tags?post=22632"}],"curies":[{"name":"wp","href":"https:\/\/api.w.org\/{rel}","templated":true}]}}