{"id":22642,"date":"2021-09-08T11:02:14","date_gmt":"2021-09-08T11:02:14","guid":{"rendered":"https:\/\/blogdorogeriogomes.com.br\/?p=22642"},"modified":"2021-09-09T09:49:03","modified_gmt":"2021-09-09T09:49:03","slug":"alunos-da-rede-publica-em-fortaleza-voltam-ao-ensino-presencial-nesta-quarta-feira","status":"publish","type":"post","link":"https:\/\/blogdorogeriogomes.com.br\/noticias\/2021\/09\/alunos-da-rede-publica-em-fortaleza-voltam-ao-ensino-presencial-nesta-quarta-feira\/","title":{"rendered":"Alunos da rede p\u00fablica em Fortaleza voltam ao ensino presencial nesta quarta-feira"},"content":{"rendered":"\n<p>O retorno das aulas presenciais na Rede Municipal de Fortaleza ocorre a partir desta quarta-feira, dia 8 de setembro, de forma escalonada por s\u00e9ries, iniciando com a Educa\u00e7\u00e3o Infantil, avan\u00e7ando at\u00e9 as \u00faltimas s\u00e9ries do Ensino Fundamental. S\u00e3o cerca de 80 mil alunos da rede municipal que voltam a ter aulas presenciais.<\/p>\n\n\n\n<p>A partir desta quarta-feira, estudantes do Infantil 3, 4 e 5, e do 1\u00ba e 2\u00ba ano do Ensino Fundamental retornam \u00e0s salas de aula. Na semana seguinte, \u00e9 a vez dos alunos do Infantil 1 e 2, e de 3\u00ba, 4\u00ba e 5\u00ba anos do Ensino Fundamental voltarem \u00e0s aulas presenciais.<\/p>\n\n\n\n<p>O retorno dos adolescentes a partir de 12 anos de idade \u00e9 previsto para a \u00faltima semana do plano de volta \u00e0s aulas, ap\u00f3s o dia 20 de setembro, quando a maioria deve estar vacinada com a primeira dose contra a Covid-19.<\/p>\n\n\n\n<p>Mais de 100 mil adolescentes j\u00e1 foram vacinados na Capital.&nbsp;A campanha contra a Covid-19 completou o esquema de vacina\u00e7\u00e3o em 90% dos trabalhadores da Educa\u00e7\u00e3o em Fortaleza.<\/p>\n\n\n\n<figure class=\"wp-block-image size-large\"><img loading=\"lazy\" decoding=\"async\" width=\"1024\" height=\"602\" src=\"https:\/\/blogdorogeriogomes.com.br\/wp-content\/uploads\/2021\/09\/16-08-2021-SME-avaliao-diagnstica-1-1024x602.jpg\" alt=\"\" class=\"wp-image-22643\" srcset=\"https:\/\/blogdorogeriogomes.com.br\/noticias\/wp-content\/uploads\/2021\/09\/16-08-2021-SME-avaliao-diagnstica-1-1024x602.jpg 1024w, https:\/\/blogdorogeriogomes.com.br\/noticias\/wp-content\/uploads\/2021\/09\/16-08-2021-SME-avaliao-diagnstica-1-300x176.jpg 300w, https:\/\/blogdorogeriogomes.com.br\/noticias\/wp-content\/uploads\/2021\/09\/16-08-2021-SME-avaliao-diagnstica-1-768x451.jpg 768w, https:\/\/blogdorogeriogomes.com.br\/noticias\/wp-content\/uploads\/2021\/09\/16-08-2021-SME-avaliao-diagnstica-1-800x470.jpg 800w, https:\/\/blogdorogeriogomes.com.br\/noticias\/wp-content\/uploads\/2021\/09\/16-08-2021-SME-avaliao-diagnstica-1.jpg 1280w\" sizes=\"auto, (max-width: 1024px) 100vw, 1024px\" \/><\/figure>\n","protected":false},"excerpt":{"rendered":"<p>O retorno das aulas presenciais na Rede Municipal de Fortaleza ocorre a partir desta quarta-feira, dia 8 de setembro, de forma escalonada por s\u00e9ries, iniciando com a Educa\u00e7\u00e3o Infantil, avan\u00e7ando at\u00e9 as \u00faltimas s\u00e9ries do Ensino Fundamental. S\u00e3o cerca de 80 mil alunos da rede municipal que voltam a ter aulas presenciais. A partir desta quarta-feira, estudantes do Infantil 3, 4 e 5, e do 1\u00ba e 2\u00ba ano do Ensino Fundamental retornam \u00e0s salas de aula. Na semana&hellip;<\/p>\n","protected":false},"author":1,"featured_media":22643,"comment_status":"open","ping_status":"open","sticky":false,"template":"","format":"standard","meta":{"footnotes":""},"categories":[1],"tags":[],"class_list":["post-22642","post","type-post","status-publish","format-standard","has-post-thumbnail","hentry","category-noticias"],"_links":{"self":[{"href":"https:\/\/blogdorogeriogomes.com.br\/noticias\/wp-json\/wp\/v2\/posts\/22642","targetHints":{"allow":["GET"]}}],"collection":[{"href":"https:\/\/blogdorogeriogomes.com.br\/noticias\/wp-json\/wp\/v2\/posts"}],"about":[{"href":"https:\/\/blogdorogeriogomes.com.br\/noticias\/wp-json\/wp\/v2\/types\/post"}],"author":[{"embeddable":true,"href":"https:\/\/blogdorogeriogomes.com.br\/noticias\/wp-json\/wp\/v2\/users\/1"}],"replies":[{"embeddable":true,"href":"https:\/\/blogdorogeriogomes.com.br\/noticias\/wp-json\/wp\/v2\/comments?post=22642"}],"version-history":[{"count":2,"href":"https:\/\/blogdorogeriogomes.com.br\/noticias\/wp-json\/wp\/v2\/posts\/22642\/revisions"}],"predecessor-version":[{"id":22654,"href":"https:\/\/blogdorogeriogomes.com.br\/noticias\/wp-json\/wp\/v2\/posts\/22642\/revisions\/22654"}],"wp:featuredmedia":[{"embeddable":true,"href":"https:\/\/blogdorogeriogomes.com.br\/noticias\/wp-json\/wp\/v2\/media\/22643"}],"wp:attachment":[{"href":"https:\/\/blogdorogeriogomes.com.br\/noticias\/wp-json\/wp\/v2\/media?parent=22642"}],"wp:term":[{"taxonomy":"category","embeddable":true,"href":"https:\/\/blogdorogeriogomes.com.br\/noticias\/wp-json\/wp\/v2\/categories?post=22642"},{"taxonomy":"post_tag","embeddable":true,"href":"https:\/\/blogdorogeriogomes.com.br\/noticias\/wp-json\/wp\/v2\/tags?post=22642"}],"curies":[{"name":"wp","href":"https:\/\/api.w.org\/{rel}","templated":true}]}}