{"id":22645,"date":"2021-09-08T19:03:17","date_gmt":"2021-09-08T19:03:17","guid":{"rendered":"https:\/\/blogdorogeriogomes.com.br\/?p=22645"},"modified":"2021-09-09T09:49:05","modified_gmt":"2021-09-09T09:49:05","slug":"ninguem-fechara-essa-corte-afirma-presidente-do-stf-apos-ameacas-de-jair-bolsonaro","status":"publish","type":"post","link":"https:\/\/blogdorogeriogomes.com.br\/noticias\/2021\/09\/ninguem-fechara-essa-corte-afirma-presidente-do-stf-apos-ameacas-de-jair-bolsonaro\/","title":{"rendered":"&#8220;Ningu\u00e9m fechar\u00e1 essa Corte&#8221;, afirma presidente do STF ap\u00f3s amea\u00e7as de Jair Bolsonaro"},"content":{"rendered":"\n<p>O presidente do Supremo Tribunal Federal (STF), ministro Luiz Fux, fez um duro pronunciamento na tarde desta quarta-feira, dia 8 de setembro, um dia depois dos atos antidemocraticos incentivados pelo presidente Jair Bolsonaro. \u201cEste Supremo Tribunal Federal jamais aceitar\u00e1 amea\u00e7as \u00e0 sua independ\u00eancia nem intimida\u00e7\u00f5es ao exerc\u00edcio regular de suas fun\u00e7\u00f5es. Ningu\u00e9m fechar\u00e1 esta Corte. N\u00f3s a manteremos de p\u00e9, com suor e perseveran\u00e7a\u201d, disse Fux.<\/p>\n\n\n\n<p>O presidente do STF ressaltou ainda que a ideia de Bolsonaro em desrespeitar decis\u00f5es judiciais configuram crime de responsabilidade, que pode resultar em impeachment. \u201cSe o desprezo \u00e0s decis\u00f5es judiciais ocorre por iniciativa do chefe de qualquer dos poderes, essa atitude, al\u00e9m de representar atentado \u00e0 democracia, configura crime de responsabilidade, a ser analisado pelo Congresso Nacional\u201d, confirmou Luiz Fux.<\/p>\n\n\n\n<p>Respons\u00e1vel por abrir qualquer um dos 130 pedidos de impeachment de Bolsonaro que est\u00e3o a espera de an\u00e1lise na C\u00e2mara dos Deputados, o presidente da Casa, Arthur Lira, que \u00e9 preciso &#8220;dar um basta nessa escalada e nas bravatas\u201d do presidente da Rep\u00fablica.&nbsp;No entanto, Lira ainda n\u00e3o falou em nenhum momento sobre os pedidos de impeachment protocolados na C\u00e2mara dos Deputados. Arthur Lira est\u00e1 sob press\u00e3o de partidos pol\u00edticos para abrir um processo de impeachment contra Bolsonaro. A esta altura, Lira avalia os pr\u00f3s e os contras pra tomar essa decis\u00e3o.<\/p>\n\n\n\n<figure class=\"wp-block-image size-large\"><img loading=\"lazy\" decoding=\"async\" width=\"679\" height=\"452\" src=\"https:\/\/blogdorogeriogomes.com.br\/wp-content\/uploads\/2021\/09\/images-37.jpeg\" alt=\"\" class=\"wp-image-22646\" srcset=\"https:\/\/blogdorogeriogomes.com.br\/noticias\/wp-content\/uploads\/2021\/09\/images-37.jpeg 679w, https:\/\/blogdorogeriogomes.com.br\/noticias\/wp-content\/uploads\/2021\/09\/images-37-300x200.jpeg 300w\" sizes=\"auto, (max-width: 679px) 100vw, 679px\" \/><\/figure>\n","protected":false},"excerpt":{"rendered":"<p>O presidente do Supremo Tribunal Federal (STF), ministro Luiz Fux, fez um duro pronunciamento na tarde desta quarta-feira, dia 8 de setembro, um dia depois dos atos antidemocraticos incentivados pelo presidente Jair Bolsonaro. \u201cEste Supremo Tribunal Federal jamais aceitar\u00e1 amea\u00e7as \u00e0 sua independ\u00eancia nem intimida\u00e7\u00f5es ao exerc\u00edcio regular de suas fun\u00e7\u00f5es. Ningu\u00e9m fechar\u00e1 esta Corte. N\u00f3s a manteremos de p\u00e9, com suor e perseveran\u00e7a\u201d, disse Fux. O presidente do STF ressaltou ainda que a ideia de Bolsonaro em desrespeitar&hellip;<\/p>\n","protected":false},"author":1,"featured_media":22646,"comment_status":"open","ping_status":"open","sticky":false,"template":"","format":"standard","meta":{"footnotes":""},"categories":[1],"tags":[],"class_list":["post-22645","post","type-post","status-publish","format-standard","has-post-thumbnail","hentry","category-noticias"],"_links":{"self":[{"href":"https:\/\/blogdorogeriogomes.com.br\/noticias\/wp-json\/wp\/v2\/posts\/22645","targetHints":{"allow":["GET"]}}],"collection":[{"href":"https:\/\/blogdorogeriogomes.com.br\/noticias\/wp-json\/wp\/v2\/posts"}],"about":[{"href":"https:\/\/blogdorogeriogomes.com.br\/noticias\/wp-json\/wp\/v2\/types\/post"}],"author":[{"embeddable":true,"href":"https:\/\/blogdorogeriogomes.com.br\/noticias\/wp-json\/wp\/v2\/users\/1"}],"replies":[{"embeddable":true,"href":"https:\/\/blogdorogeriogomes.com.br\/noticias\/wp-json\/wp\/v2\/comments?post=22645"}],"version-history":[{"count":2,"href":"https:\/\/blogdorogeriogomes.com.br\/noticias\/wp-json\/wp\/v2\/posts\/22645\/revisions"}],"predecessor-version":[{"id":22652,"href":"https:\/\/blogdorogeriogomes.com.br\/noticias\/wp-json\/wp\/v2\/posts\/22645\/revisions\/22652"}],"wp:featuredmedia":[{"embeddable":true,"href":"https:\/\/blogdorogeriogomes.com.br\/noticias\/wp-json\/wp\/v2\/media\/22646"}],"wp:attachment":[{"href":"https:\/\/blogdorogeriogomes.com.br\/noticias\/wp-json\/wp\/v2\/media?parent=22645"}],"wp:term":[{"taxonomy":"category","embeddable":true,"href":"https:\/\/blogdorogeriogomes.com.br\/noticias\/wp-json\/wp\/v2\/categories?post=22645"},{"taxonomy":"post_tag","embeddable":true,"href":"https:\/\/blogdorogeriogomes.com.br\/noticias\/wp-json\/wp\/v2\/tags?post=22645"}],"curies":[{"name":"wp","href":"https:\/\/api.w.org\/{rel}","templated":true}]}}