{"id":22655,"date":"2021-09-09T10:41:47","date_gmt":"2021-09-09T10:41:47","guid":{"rendered":"https:\/\/blogdorogeriogomes.com.br\/?p=22655"},"modified":"2021-09-10T13:16:54","modified_gmt":"2021-09-10T13:16:54","slug":"cpi-do-motim-na-al-define-a-convocacao-de-depoentes-e-solicitacao-de-documentos-as-associacoes-militares","status":"publish","type":"post","link":"https:\/\/blogdorogeriogomes.com.br\/noticias\/2021\/09\/cpi-do-motim-na-al-define-a-convocacao-de-depoentes-e-solicitacao-de-documentos-as-associacoes-militares\/","title":{"rendered":"CPI do Motim na AL define a convoca\u00e7\u00e3o de depoentes e solicita\u00e7\u00e3o de documentos \u00e0s associa\u00e7\u00f5es militares"},"content":{"rendered":"\n<p>A Comiss\u00e3o Parlamentar de Inqu\u00e9rito (CPI) das Associa\u00e7\u00f5es Militares da Assembleia Legislativa aprovou, nesta quarta-feira, dia 8 de setembro, quatro requerimentos de parlamentares com convites a dirigentes de entidades para prestar informa\u00e7\u00f5es e pedidos de informa\u00e7\u00f5es a \u00f3rg\u00e3os.<\/p>\n\n\n\n<p>Entre as solicita\u00e7\u00f5es aprovadas, est\u00e1 a que solicita ao controlador geral dos \u00f3rg\u00e3os de disciplina e seguran\u00e7a do Cear\u00e1 todos os processos disciplinares que tenham como parte policiais militares e bombeiros, motivados por suspeita de participa\u00e7\u00e3o em motins no ano de 2020. Outro requerimento solicita que sejam convidados os presidentes de seis associa\u00e7\u00f5es militares com a finalidade de prestar informa\u00e7\u00f5es.<\/p>\n\n\n\n<p>As entidades convidadas s\u00e3o a Associa\u00e7\u00e3o dos Oficiais da Pol\u00edcia Militar e Corpo de Bombeiros Militar do Estado do Cear\u00e1 (ASSOF), Associa\u00e7\u00e3o dos Subtenentes e Sargentos PM\/BM do Estado do Cear\u00e1 (ABSS), Associa\u00e7\u00e3o de Pra\u00e7as da Pol\u00edcia Militar e do Corpo de Bombeiros Militar do Cear\u00e1 (ASPRAMECE), Associa\u00e7\u00e3o das Pra\u00e7as do Estado do Cear\u00e1 (ASPRA-CE), Associa\u00e7\u00e3o dos Profissionais de Seguran\u00e7a (APS) e Associa\u00e7\u00e3o das Pra\u00e7as da Regi\u00e3o do Cariri (ASPRAC).<\/p>\n\n\n\n<p>Tamb\u00e9m foi solicitada \u00e0 Secretaria do Planejamento e Gest\u00e3o do Cear\u00e1 (Seplag), c\u00f3pia de todos os termos de conv\u00eanios firmados entre o Estado do Cear\u00e1 e as Associa\u00e7\u00f5es Militares. <\/p>\n\n\n\n<figure class=\"wp-block-image size-large\"><img loading=\"lazy\" decoding=\"async\" width=\"900\" height=\"600\" src=\"https:\/\/blogdorogeriogomes.com.br\/wp-content\/uploads\/2021\/09\/27ad1e0950d24b379de828ade5be6539_XL.jpg\" alt=\"\" class=\"wp-image-22656\" srcset=\"https:\/\/blogdorogeriogomes.com.br\/noticias\/wp-content\/uploads\/2021\/09\/27ad1e0950d24b379de828ade5be6539_XL.jpg 900w, https:\/\/blogdorogeriogomes.com.br\/noticias\/wp-content\/uploads\/2021\/09\/27ad1e0950d24b379de828ade5be6539_XL-300x200.jpg 300w, https:\/\/blogdorogeriogomes.com.br\/noticias\/wp-content\/uploads\/2021\/09\/27ad1e0950d24b379de828ade5be6539_XL-768x512.jpg 768w, https:\/\/blogdorogeriogomes.com.br\/noticias\/wp-content\/uploads\/2021\/09\/27ad1e0950d24b379de828ade5be6539_XL-800x533.jpg 800w\" sizes=\"auto, (max-width: 900px) 100vw, 900px\" \/><\/figure>\n","protected":false},"excerpt":{"rendered":"<p>A Comiss\u00e3o Parlamentar de Inqu\u00e9rito (CPI) das Associa\u00e7\u00f5es Militares da Assembleia Legislativa aprovou, nesta quarta-feira, dia 8 de setembro, quatro requerimentos de parlamentares com convites a dirigentes de entidades para prestar informa\u00e7\u00f5es e pedidos de informa\u00e7\u00f5es a \u00f3rg\u00e3os. Entre as solicita\u00e7\u00f5es aprovadas, est\u00e1 a que solicita ao controlador geral dos \u00f3rg\u00e3os de disciplina e seguran\u00e7a do Cear\u00e1 todos os processos disciplinares que tenham como parte policiais militares e bombeiros, motivados por suspeita de participa\u00e7\u00e3o em motins no ano de&hellip;<\/p>\n","protected":false},"author":1,"featured_media":22656,"comment_status":"open","ping_status":"open","sticky":false,"template":"","format":"standard","meta":{"footnotes":""},"categories":[1],"tags":[],"class_list":["post-22655","post","type-post","status-publish","format-standard","has-post-thumbnail","hentry","category-noticias"],"_links":{"self":[{"href":"https:\/\/blogdorogeriogomes.com.br\/noticias\/wp-json\/wp\/v2\/posts\/22655","targetHints":{"allow":["GET"]}}],"collection":[{"href":"https:\/\/blogdorogeriogomes.com.br\/noticias\/wp-json\/wp\/v2\/posts"}],"about":[{"href":"https:\/\/blogdorogeriogomes.com.br\/noticias\/wp-json\/wp\/v2\/types\/post"}],"author":[{"embeddable":true,"href":"https:\/\/blogdorogeriogomes.com.br\/noticias\/wp-json\/wp\/v2\/users\/1"}],"replies":[{"embeddable":true,"href":"https:\/\/blogdorogeriogomes.com.br\/noticias\/wp-json\/wp\/v2\/comments?post=22655"}],"version-history":[{"count":1,"href":"https:\/\/blogdorogeriogomes.com.br\/noticias\/wp-json\/wp\/v2\/posts\/22655\/revisions"}],"predecessor-version":[{"id":22657,"href":"https:\/\/blogdorogeriogomes.com.br\/noticias\/wp-json\/wp\/v2\/posts\/22655\/revisions\/22657"}],"wp:featuredmedia":[{"embeddable":true,"href":"https:\/\/blogdorogeriogomes.com.br\/noticias\/wp-json\/wp\/v2\/media\/22656"}],"wp:attachment":[{"href":"https:\/\/blogdorogeriogomes.com.br\/noticias\/wp-json\/wp\/v2\/media?parent=22655"}],"wp:term":[{"taxonomy":"category","embeddable":true,"href":"https:\/\/blogdorogeriogomes.com.br\/noticias\/wp-json\/wp\/v2\/categories?post=22655"},{"taxonomy":"post_tag","embeddable":true,"href":"https:\/\/blogdorogeriogomes.com.br\/noticias\/wp-json\/wp\/v2\/tags?post=22655"}],"curies":[{"name":"wp","href":"https:\/\/api.w.org\/{rel}","templated":true}]}}