{"id":22661,"date":"2021-09-09T21:00:12","date_gmt":"2021-09-09T21:00:12","guid":{"rendered":"https:\/\/blogdorogeriogomes.com.br\/?p=22661"},"modified":"2021-09-10T13:16:35","modified_gmt":"2021-09-10T13:16:35","slug":"apos-crise-instalada-bolsonaro-recua-pede-ajuda-a-temer-e-publica-carta-a-nacao-nunca-tive-intencao-de-agredir-poderes","status":"publish","type":"post","link":"https:\/\/blogdorogeriogomes.com.br\/noticias\/2021\/09\/apos-crise-instalada-bolsonaro-recua-pede-ajuda-a-temer-e-publica-carta-a-nacao-nunca-tive-intencao-de-agredir-poderes\/","title":{"rendered":"Ap\u00f3s crise instalada, Bolsonaro recua, pede ajuda a Temer e publica carta a Na\u00e7\u00e3o: &#8220;nunca tive inten\u00e7\u00e3o de agredir poderes&#8221;"},"content":{"rendered":"\n<p>Depois de &#8220;esticar a corda&#8221; e amea\u00e7ar publicamente outros poderes da Rep\u00fablica, o presidente Jair Bolsonaro recuou. A crise pol\u00edtica chegou ao seu \u00e1pice, com aliados de Bolsonaro amea\u00e7ando invadir o Congresso e o STF. O sonhado golpe pelos radicais n\u00e3o veio e o presidente foi pedir socorro a Michel Temer para intermediar uma conversa com o ministro do STF, Alexandre de Moraes. E o papo &#8220;institucional&#8221; ocorreu pelo telefone.<\/p>\n\n\n\n<p>Depois foi a vez de Jair Bolsonaro divulgar uma&nbsp;&#8220;Declara\u00e7\u00e3o \u00e0 Na\u00e7\u00e3o&#8221;, no qual afirma que nunca teve &#8220;inten\u00e7\u00e3o de agredir quaisquer dos poderes&#8221;. Segundo o texto, &#8220;as pessoas que exercem o poder n\u00e3o t\u00eam o direito de &#8216;esticar a corda&#8217;, a ponto de prejudicar a vida dos brasileiros e sua economia&#8221;.<\/p>\n\n\n\n<p>Foi mais uma demonstra\u00e7\u00e3o que Jair Bolsonaro tem usado mais de bravatas para os seus aliados, em vez de governar o Pa\u00eds que tem cada vez mais seus problemas sociais agravados.<\/p>\n\n\n\n<p>Resta saber como v\u00e3o reagir os radicais que foram \u00e0s ruas no 7 de Setembro pedir interven\u00e7\u00e3o militar e fechamento do STF. No m\u00ednimo, est\u00e3o frustrados e decepcionados com Bolsonaro que, realmente mostrou n\u00e3o ter for\u00e7a pra fazer o que prometeu.<\/p>\n\n\n\n<figure class=\"wp-block-image size-large\"><img loading=\"lazy\" decoding=\"async\" width=\"1024\" height=\"683\" src=\"https:\/\/blogdorogeriogomes.com.br\/wp-content\/uploads\/2021\/09\/15625277795d22482307aa2_1562527779_3x2_lg.jpg\" alt=\"\" class=\"wp-image-22662\" srcset=\"https:\/\/blogdorogeriogomes.com.br\/noticias\/wp-content\/uploads\/2021\/09\/15625277795d22482307aa2_1562527779_3x2_lg.jpg 1024w, https:\/\/blogdorogeriogomes.com.br\/noticias\/wp-content\/uploads\/2021\/09\/15625277795d22482307aa2_1562527779_3x2_lg-300x200.jpg 300w, https:\/\/blogdorogeriogomes.com.br\/noticias\/wp-content\/uploads\/2021\/09\/15625277795d22482307aa2_1562527779_3x2_lg-768x512.jpg 768w, https:\/\/blogdorogeriogomes.com.br\/noticias\/wp-content\/uploads\/2021\/09\/15625277795d22482307aa2_1562527779_3x2_lg-800x534.jpg 800w\" sizes=\"auto, (max-width: 1024px) 100vw, 1024px\" \/><\/figure>\n\n\n\n<p><\/p>\n","protected":false},"excerpt":{"rendered":"<p>Depois de &#8220;esticar a corda&#8221; e amea\u00e7ar publicamente outros poderes da Rep\u00fablica, o presidente Jair Bolsonaro recuou. A crise pol\u00edtica chegou ao seu \u00e1pice, com aliados de Bolsonaro amea\u00e7ando invadir o Congresso e o STF. O sonhado golpe pelos radicais n\u00e3o veio e o presidente foi pedir socorro a Michel Temer para intermediar uma conversa com o ministro do STF, Alexandre de Moraes. E o papo &#8220;institucional&#8221; ocorreu pelo telefone. Depois foi a vez de Jair Bolsonaro divulgar uma&nbsp;&#8220;Declara\u00e7\u00e3o&hellip;<\/p>\n","protected":false},"author":1,"featured_media":22662,"comment_status":"open","ping_status":"open","sticky":false,"template":"","format":"standard","meta":{"footnotes":""},"categories":[1],"tags":[],"class_list":["post-22661","post","type-post","status-publish","format-standard","has-post-thumbnail","hentry","category-noticias"],"_links":{"self":[{"href":"https:\/\/blogdorogeriogomes.com.br\/noticias\/wp-json\/wp\/v2\/posts\/22661","targetHints":{"allow":["GET"]}}],"collection":[{"href":"https:\/\/blogdorogeriogomes.com.br\/noticias\/wp-json\/wp\/v2\/posts"}],"about":[{"href":"https:\/\/blogdorogeriogomes.com.br\/noticias\/wp-json\/wp\/v2\/types\/post"}],"author":[{"embeddable":true,"href":"https:\/\/blogdorogeriogomes.com.br\/noticias\/wp-json\/wp\/v2\/users\/1"}],"replies":[{"embeddable":true,"href":"https:\/\/blogdorogeriogomes.com.br\/noticias\/wp-json\/wp\/v2\/comments?post=22661"}],"version-history":[{"count":2,"href":"https:\/\/blogdorogeriogomes.com.br\/noticias\/wp-json\/wp\/v2\/posts\/22661\/revisions"}],"predecessor-version":[{"id":22673,"href":"https:\/\/blogdorogeriogomes.com.br\/noticias\/wp-json\/wp\/v2\/posts\/22661\/revisions\/22673"}],"wp:featuredmedia":[{"embeddable":true,"href":"https:\/\/blogdorogeriogomes.com.br\/noticias\/wp-json\/wp\/v2\/media\/22662"}],"wp:attachment":[{"href":"https:\/\/blogdorogeriogomes.com.br\/noticias\/wp-json\/wp\/v2\/media?parent=22661"}],"wp:term":[{"taxonomy":"category","embeddable":true,"href":"https:\/\/blogdorogeriogomes.com.br\/noticias\/wp-json\/wp\/v2\/categories?post=22661"},{"taxonomy":"post_tag","embeddable":true,"href":"https:\/\/blogdorogeriogomes.com.br\/noticias\/wp-json\/wp\/v2\/tags?post=22661"}],"curies":[{"name":"wp","href":"https:\/\/api.w.org\/{rel}","templated":true}]}}