{"id":22667,"date":"2021-09-10T10:01:53","date_gmt":"2021-09-10T10:01:53","guid":{"rendered":"https:\/\/blogdorogeriogomes.com.br\/?p=22667"},"modified":"2021-09-10T13:16:15","modified_gmt":"2021-09-10T13:16:15","slug":"assembleia-legislativa-anuncia-medidas-da-campanha-ceara-imunizado","status":"publish","type":"post","link":"https:\/\/blogdorogeriogomes.com.br\/noticias\/2021\/09\/assembleia-legislativa-anuncia-medidas-da-campanha-ceara-imunizado\/","title":{"rendered":"Assembleia Legislativa anuncia medidas da campanha Cear\u00e1 Imunizado"},"content":{"rendered":"\n<p>O presidente da Assembleia Legislativa do Cear\u00e1, Evandro Leit\u00e3o (PDT),  anunciou nesta quinta-feira, dia 9 de setembro, as a\u00e7\u00f5es da campanha \u201cCear\u00e1 Imunizado\u201d, com foco na imuniza\u00e7\u00e3o dos trabalhadores do com\u00e9rcio e da ind\u00fastria, e de est\u00edmulo para o p\u00fablico consumidor tamb\u00e9m se vacinar. A a\u00e7\u00e3o \u00e9 fruto de parceria entre a AL e outras nove institui\u00e7\u00f5es.<\/p>\n\n\n\n<p>Entre pontos j\u00e1 acordados, o presidente da AL informou que ser\u00e3o criados selos para a imuniza\u00e7\u00e3o dos colaboradores das empresas: Ouro, para 100% dos funcion\u00e1rios imunizados; Prata, com 80%; e Bronze, para 70% de pessoal vacinado. \u201cTeremos promo\u00e7\u00f5es e pr\u00eamios para pessoas imunizadas. As empresas que tiverem o selo poder\u00e3o distribuir cupons a clientes que comprovarem a imuniza\u00e7\u00e3o, para o sorteio de tr\u00eas caminh\u00f5es de pr\u00eamios\u201d, informou.<\/p>\n\n\n\n<p>Al\u00e9m da Casa Legislativa, participam da campanha \u201cCear\u00e1 Imunizado\u201d a Secretaria da Fazenda (Sefaz); Secretaria da Sa\u00fade (Sesa); C\u00e2mara de Dirigentes e Lojistas (CDL); Federa\u00e7\u00e3o das C\u00e2maras de Dirigentes e Lojistas (FCDL-CE); Federa\u00e7\u00e3o do Com\u00e9rcio de Bens, Servi\u00e7os e Turismo do Estado do Cear\u00e1 (Fecom\u00e9rcio); Associa\u00e7\u00e3o Brasileira de Bares e Restaurantes (Abrasel); Federa\u00e7\u00e3o das ind\u00fastrias do Cear\u00e1 (Fiec); Minist\u00e9rio P\u00fablico Estadual (MPCE); e o Minist\u00e9rio P\u00fablico Federal no Cear\u00e1 (MPF-CE).<br>Nesta sexta-feira, dia 10, a Assembleia Legislativa realizar\u00e1 uma agenda especial em alus\u00e3o ao Dia Mundial de Preven\u00e7\u00e3o ao Suic\u00eddio. Haver\u00e1 uma audi\u00eancia p\u00fablica para tratar sobre a sa\u00fade mental, no Plen\u00e1rio 13 de Maio, al\u00e9m de uma sess\u00e3o solene em homenagem aos profissionais da \u00e1rea.<\/p>\n\n\n\n<p>Na pr\u00f3xima semana, a Assembleia visitar\u00e1 munic\u00edpios do interior e Regi\u00e3o Metropolitana de Fortaleza para realizar oficinas voltadas para estudantes.<\/p>\n\n\n\n<figure class=\"wp-block-image size-large\"><img loading=\"lazy\" decoding=\"async\" width=\"1024\" height=\"682\" src=\"https:\/\/blogdorogeriogomes.com.br\/wp-content\/uploads\/2021\/09\/IMG-20210909-WA0096-1024x682.jpg\" alt=\"\" class=\"wp-image-22668\" srcset=\"https:\/\/blogdorogeriogomes.com.br\/noticias\/wp-content\/uploads\/2021\/09\/IMG-20210909-WA0096-1024x682.jpg 1024w, https:\/\/blogdorogeriogomes.com.br\/noticias\/wp-content\/uploads\/2021\/09\/IMG-20210909-WA0096-300x200.jpg 300w, https:\/\/blogdorogeriogomes.com.br\/noticias\/wp-content\/uploads\/2021\/09\/IMG-20210909-WA0096-768x512.jpg 768w, https:\/\/blogdorogeriogomes.com.br\/noticias\/wp-content\/uploads\/2021\/09\/IMG-20210909-WA0096-800x533.jpg 800w, https:\/\/blogdorogeriogomes.com.br\/noticias\/wp-content\/uploads\/2021\/09\/IMG-20210909-WA0096.jpg 1280w\" sizes=\"auto, (max-width: 1024px) 100vw, 1024px\" \/><\/figure>\n\n\n\n<p><\/p>\n\n\n\n<p>Evandro Leit\u00e3o citou ainda a panfletagem e distribui\u00e7\u00e3o de lacinhos amarelos, nesta quinta-feira, promovida pela Casa com a participa\u00e7\u00e3o de deputados e servidores, no entorno da AL.<\/p>\n\n\n\n<p><\/p>\n\n\n\n<p><\/p>\n","protected":false},"excerpt":{"rendered":"<p>O presidente da Assembleia Legislativa do Cear\u00e1, Evandro Leit\u00e3o (PDT), anunciou nesta quinta-feira, dia 9 de setembro, as a\u00e7\u00f5es da campanha \u201cCear\u00e1 Imunizado\u201d, com foco na imuniza\u00e7\u00e3o dos trabalhadores do com\u00e9rcio e da ind\u00fastria, e de est\u00edmulo para o p\u00fablico consumidor tamb\u00e9m se vacinar. A a\u00e7\u00e3o \u00e9 fruto de parceria entre a AL e outras nove institui\u00e7\u00f5es. Entre pontos j\u00e1 acordados, o presidente da AL informou que ser\u00e3o criados selos para a imuniza\u00e7\u00e3o dos colaboradores das empresas: Ouro, para&hellip;<\/p>\n","protected":false},"author":1,"featured_media":22668,"comment_status":"open","ping_status":"open","sticky":false,"template":"","format":"standard","meta":{"footnotes":""},"categories":[1],"tags":[],"class_list":["post-22667","post","type-post","status-publish","format-standard","has-post-thumbnail","hentry","category-noticias"],"_links":{"self":[{"href":"https:\/\/blogdorogeriogomes.com.br\/noticias\/wp-json\/wp\/v2\/posts\/22667","targetHints":{"allow":["GET"]}}],"collection":[{"href":"https:\/\/blogdorogeriogomes.com.br\/noticias\/wp-json\/wp\/v2\/posts"}],"about":[{"href":"https:\/\/blogdorogeriogomes.com.br\/noticias\/wp-json\/wp\/v2\/types\/post"}],"author":[{"embeddable":true,"href":"https:\/\/blogdorogeriogomes.com.br\/noticias\/wp-json\/wp\/v2\/users\/1"}],"replies":[{"embeddable":true,"href":"https:\/\/blogdorogeriogomes.com.br\/noticias\/wp-json\/wp\/v2\/comments?post=22667"}],"version-history":[{"count":1,"href":"https:\/\/blogdorogeriogomes.com.br\/noticias\/wp-json\/wp\/v2\/posts\/22667\/revisions"}],"predecessor-version":[{"id":22669,"href":"https:\/\/blogdorogeriogomes.com.br\/noticias\/wp-json\/wp\/v2\/posts\/22667\/revisions\/22669"}],"wp:featuredmedia":[{"embeddable":true,"href":"https:\/\/blogdorogeriogomes.com.br\/noticias\/wp-json\/wp\/v2\/media\/22668"}],"wp:attachment":[{"href":"https:\/\/blogdorogeriogomes.com.br\/noticias\/wp-json\/wp\/v2\/media?parent=22667"}],"wp:term":[{"taxonomy":"category","embeddable":true,"href":"https:\/\/blogdorogeriogomes.com.br\/noticias\/wp-json\/wp\/v2\/categories?post=22667"},{"taxonomy":"post_tag","embeddable":true,"href":"https:\/\/blogdorogeriogomes.com.br\/noticias\/wp-json\/wp\/v2\/tags?post=22667"}],"curies":[{"name":"wp","href":"https:\/\/api.w.org\/{rel}","templated":true}]}}