{"id":22670,"date":"2021-09-10T10:16:53","date_gmt":"2021-09-10T10:16:53","guid":{"rendered":"https:\/\/blogdorogeriogomes.com.br\/?p=22670"},"modified":"2021-09-10T13:16:07","modified_gmt":"2021-09-10T13:16:07","slug":"camilo-santana-lanca-programa-mais-empregos-nesta-sexta-feira","status":"publish","type":"post","link":"https:\/\/blogdorogeriogomes.com.br\/noticias\/2021\/09\/camilo-santana-lanca-programa-mais-empregos-nesta-sexta-feira\/","title":{"rendered":"Camilo Santana lan\u00e7a programa Mais Empregos nesta sexta-feira"},"content":{"rendered":"\n<p>Com a expectativa de gerar 20 mil novos postos de trabalho, o Governo do Cear\u00e1 lan\u00e7a, nesta sexta-feira, dia 10 de setembro, o programa Mais Empregos. De acordo com o governador Camilo Santana, o Mais Empregos Cear\u00e1 \u00e9 mais uma medida de est\u00edmulo \u00e0 gera\u00e7\u00e3o de emprego e \u00e0 promo\u00e7\u00e3o da renda para os cearenses, a fim de superar as adversidades sociais e econ\u00f4micas ocasionadas pela pandemia da Covid-19. <\/p>\n\n\n\n<p>Atrav\u00e9s do Programa, o Governo do Cear\u00e1 pagar\u00e1 50% de um sal\u00e1rio-m\u00ednimo vigente, para cada novo v\u00ednculo de emprego, gerado ap\u00f3s 20 de julho de 2021, por um per\u00edodo de at\u00e9 180 dias e com limite de 100 empregos gerados por empresa.<\/p>\n\n\n\n<figure class=\"wp-block-image size-large\"><img loading=\"lazy\" decoding=\"async\" width=\"640\" height=\"433\" src=\"https:\/\/blogdorogeriogomes.com.br\/wp-content\/uploads\/2021\/09\/images-41.jpeg\" alt=\"\" class=\"wp-image-22671\" srcset=\"https:\/\/blogdorogeriogomes.com.br\/noticias\/wp-content\/uploads\/2021\/09\/images-41.jpeg 640w, https:\/\/blogdorogeriogomes.com.br\/noticias\/wp-content\/uploads\/2021\/09\/images-41-300x203.jpeg 300w\" sizes=\"auto, (max-width: 640px) 100vw, 640px\" \/><\/figure>\n","protected":false},"excerpt":{"rendered":"<p>Com a expectativa de gerar 20 mil novos postos de trabalho, o Governo do Cear\u00e1 lan\u00e7a, nesta sexta-feira, dia 10 de setembro, o programa Mais Empregos. De acordo com o governador Camilo Santana, o Mais Empregos Cear\u00e1 \u00e9 mais uma medida de est\u00edmulo \u00e0 gera\u00e7\u00e3o de emprego e \u00e0 promo\u00e7\u00e3o da renda para os cearenses, a fim de superar as adversidades sociais e econ\u00f4micas ocasionadas pela pandemia da Covid-19. Atrav\u00e9s do Programa, o Governo do Cear\u00e1 pagar\u00e1 50% de&hellip;<\/p>\n","protected":false},"author":1,"featured_media":22671,"comment_status":"open","ping_status":"open","sticky":false,"template":"","format":"standard","meta":{"footnotes":""},"categories":[1],"tags":[],"class_list":["post-22670","post","type-post","status-publish","format-standard","has-post-thumbnail","hentry","category-noticias"],"_links":{"self":[{"href":"https:\/\/blogdorogeriogomes.com.br\/noticias\/wp-json\/wp\/v2\/posts\/22670","targetHints":{"allow":["GET"]}}],"collection":[{"href":"https:\/\/blogdorogeriogomes.com.br\/noticias\/wp-json\/wp\/v2\/posts"}],"about":[{"href":"https:\/\/blogdorogeriogomes.com.br\/noticias\/wp-json\/wp\/v2\/types\/post"}],"author":[{"embeddable":true,"href":"https:\/\/blogdorogeriogomes.com.br\/noticias\/wp-json\/wp\/v2\/users\/1"}],"replies":[{"embeddable":true,"href":"https:\/\/blogdorogeriogomes.com.br\/noticias\/wp-json\/wp\/v2\/comments?post=22670"}],"version-history":[{"count":1,"href":"https:\/\/blogdorogeriogomes.com.br\/noticias\/wp-json\/wp\/v2\/posts\/22670\/revisions"}],"predecessor-version":[{"id":22672,"href":"https:\/\/blogdorogeriogomes.com.br\/noticias\/wp-json\/wp\/v2\/posts\/22670\/revisions\/22672"}],"wp:featuredmedia":[{"embeddable":true,"href":"https:\/\/blogdorogeriogomes.com.br\/noticias\/wp-json\/wp\/v2\/media\/22671"}],"wp:attachment":[{"href":"https:\/\/blogdorogeriogomes.com.br\/noticias\/wp-json\/wp\/v2\/media?parent=22670"}],"wp:term":[{"taxonomy":"category","embeddable":true,"href":"https:\/\/blogdorogeriogomes.com.br\/noticias\/wp-json\/wp\/v2\/categories?post=22670"},{"taxonomy":"post_tag","embeddable":true,"href":"https:\/\/blogdorogeriogomes.com.br\/noticias\/wp-json\/wp\/v2\/tags?post=22670"}],"curies":[{"name":"wp","href":"https:\/\/api.w.org\/{rel}","templated":true}]}}