{"id":22674,"date":"2021-09-10T20:45:02","date_gmt":"2021-09-10T20:45:02","guid":{"rendered":"https:\/\/blogdorogeriogomes.com.br\/?p=22674"},"modified":"2021-09-13T10:54:42","modified_gmt":"2021-09-13T10:54:42","slug":"fiec-homenageia-empresarios-igor-queiroz-e-pio-rodrigues-neto","status":"publish","type":"post","link":"https:\/\/blogdorogeriogomes.com.br\/noticias\/2021\/09\/fiec-homenageia-empresarios-igor-queiroz-e-pio-rodrigues-neto\/","title":{"rendered":"Fiec homenageia empres\u00e1rios Igor Queiroz e Pio Rodrigues Neto"},"content":{"rendered":"\n<p>Os empres\u00e1rios Igor Queiroz e Pio Rodrigues Neto foram homenageados no \u00faltimo dia de entrega da Medalha do M\u00e9rito Industrial. A solenidade da Federa\u00e7\u00e3o das Ind\u00fastrias do Estado do Cear\u00e1 (Fiec) ocorreu nesta quinta-feira, dia 9 de setembro.<\/p>\n\n\n\n<p>O presidente da Fiec, Ricardo Cavalcante, ressalta a import\u00e2ncia de se reconhecer o trabalho dos empres\u00e1rios. &#8220;S\u00e3o duas personalidades que, al\u00e9m de trabalharem para gerar empregos e desenvolvimento, tamb\u00e9m se preocupam muito com o social&#8221;. <\/p>\n\n\n\n<figure class=\"wp-block-image size-large\"><img loading=\"lazy\" decoding=\"async\" width=\"418\" height=\"314\" src=\"https:\/\/blogdorogeriogomes.com.br\/wp-content\/uploads\/2021\/09\/medalha.jpg\" alt=\"\" class=\"wp-image-22675\" srcset=\"https:\/\/blogdorogeriogomes.com.br\/noticias\/wp-content\/uploads\/2021\/09\/medalha.jpg 418w, https:\/\/blogdorogeriogomes.com.br\/noticias\/wp-content\/uploads\/2021\/09\/medalha-300x225.jpg 300w, https:\/\/blogdorogeriogomes.com.br\/noticias\/wp-content\/uploads\/2021\/09\/medalha-400x300.jpg 400w\" sizes=\"auto, (max-width: 418px) 100vw, 418px\" \/><\/figure>\n","protected":false},"excerpt":{"rendered":"<p>Os empres\u00e1rios Igor Queiroz e Pio Rodrigues Neto foram homenageados no \u00faltimo dia de entrega da Medalha do M\u00e9rito Industrial. A solenidade da Federa\u00e7\u00e3o das Ind\u00fastrias do Estado do Cear\u00e1 (Fiec) ocorreu nesta quinta-feira, dia 9 de setembro. O presidente da Fiec, Ricardo Cavalcante, ressalta a import\u00e2ncia de se reconhecer o trabalho dos empres\u00e1rios. &#8220;S\u00e3o duas personalidades que, al\u00e9m de trabalharem para gerar empregos e desenvolvimento, tamb\u00e9m se preocupam muito com o social&#8221;.<\/p>\n","protected":false},"author":1,"featured_media":22675,"comment_status":"open","ping_status":"open","sticky":false,"template":"","format":"standard","meta":{"footnotes":""},"categories":[1],"tags":[],"class_list":["post-22674","post","type-post","status-publish","format-standard","has-post-thumbnail","hentry","category-noticias"],"_links":{"self":[{"href":"https:\/\/blogdorogeriogomes.com.br\/noticias\/wp-json\/wp\/v2\/posts\/22674","targetHints":{"allow":["GET"]}}],"collection":[{"href":"https:\/\/blogdorogeriogomes.com.br\/noticias\/wp-json\/wp\/v2\/posts"}],"about":[{"href":"https:\/\/blogdorogeriogomes.com.br\/noticias\/wp-json\/wp\/v2\/types\/post"}],"author":[{"embeddable":true,"href":"https:\/\/blogdorogeriogomes.com.br\/noticias\/wp-json\/wp\/v2\/users\/1"}],"replies":[{"embeddable":true,"href":"https:\/\/blogdorogeriogomes.com.br\/noticias\/wp-json\/wp\/v2\/comments?post=22674"}],"version-history":[{"count":1,"href":"https:\/\/blogdorogeriogomes.com.br\/noticias\/wp-json\/wp\/v2\/posts\/22674\/revisions"}],"predecessor-version":[{"id":22676,"href":"https:\/\/blogdorogeriogomes.com.br\/noticias\/wp-json\/wp\/v2\/posts\/22674\/revisions\/22676"}],"wp:featuredmedia":[{"embeddable":true,"href":"https:\/\/blogdorogeriogomes.com.br\/noticias\/wp-json\/wp\/v2\/media\/22675"}],"wp:attachment":[{"href":"https:\/\/blogdorogeriogomes.com.br\/noticias\/wp-json\/wp\/v2\/media?parent=22674"}],"wp:term":[{"taxonomy":"category","embeddable":true,"href":"https:\/\/blogdorogeriogomes.com.br\/noticias\/wp-json\/wp\/v2\/categories?post=22674"},{"taxonomy":"post_tag","embeddable":true,"href":"https:\/\/blogdorogeriogomes.com.br\/noticias\/wp-json\/wp\/v2\/tags?post=22674"}],"curies":[{"name":"wp","href":"https:\/\/api.w.org\/{rel}","templated":true}]}}