{"id":22677,"date":"2021-09-10T21:14:34","date_gmt":"2021-09-10T21:14:34","guid":{"rendered":"https:\/\/blogdorogeriogomes.com.br\/?p=22677"},"modified":"2021-09-13T10:54:33","modified_gmt":"2021-09-13T10:54:33","slug":"comite-de-enfrentamento-da-covid-no-ceara-discute-uso-de-passaporte-da-vacina-para-acesso-a-eventos-sociais-e-servicos","status":"publish","type":"post","link":"https:\/\/blogdorogeriogomes.com.br\/noticias\/2021\/09\/comite-de-enfrentamento-da-covid-no-ceara-discute-uso-de-passaporte-da-vacina-para-acesso-a-eventos-sociais-e-servicos\/","title":{"rendered":"Comit\u00ea de Enfrentamento da Covid no Cear\u00e1 discute uso de passaporte da vacina para acesso a eventos sociais e servi\u00e7os"},"content":{"rendered":"\n<p>O fato de estar com as duas doses da vacina contra a Covid-19 ou a dose \u00fanica da Janssen pode ser a garantia para acesso a futuros eventos sociais e a servi\u00e7os. A obten\u00e7\u00e3o do chamado passaporte da vacina foi tema da reuni\u00e3o do Comit\u00ea Estadual de Enfrentamento \u00e0 Covid-19, nesta sexta-feira, dia 10 de setembro. O comit\u00ea tem a participa\u00e7\u00e3o do governador Camilo Santana e de representantes da Assembleia Legislativa, Tribunal de Justi\u00e7a, Minist\u00e9rio P\u00fablico Estadual, Minist\u00e9rio P\u00fablico Federal, Prefeitura de Fortaleza e especialistas em sa\u00fade.<\/p>\n\n\n\n<p>O passaporte da vacina seria uma forma de avan\u00e7ar a retomada de atividades econ\u00f4micas com a libera\u00e7\u00e3o dos eventos sociais no Cear\u00e1. Camilo Santana considera importante implementar a exig\u00eancia de vacina\u00e7\u00e3o das pessoas para acessos aos servi\u00e7os, estabelecimentos e livre circula\u00e7\u00e3o em espa\u00e7os p\u00fablicos no Estado.&nbsp;<\/p>\n\n\n\n<p>&#8220;Esperamos nos pr\u00f3ximas reuni\u00f5es do Comit\u00ea aprovar essa implementa\u00e7\u00e3o, porque n\u00e3o podemos ter nenhum tipo de retrocesso no processo de retomada econ\u00f4mica e no combate a Covid-19&#8221;, garantiu o governador do Cear\u00e1.<\/p>\n\n\n\n<figure class=\"wp-block-image size-large\"><img loading=\"lazy\" decoding=\"async\" width=\"1024\" height=\"768\" src=\"https:\/\/blogdorogeriogomes.com.br\/wp-content\/uploads\/2021\/09\/IMG-20210910-WA0132-1024x768.jpg\" alt=\"\" class=\"wp-image-22678\" srcset=\"https:\/\/blogdorogeriogomes.com.br\/noticias\/wp-content\/uploads\/2021\/09\/IMG-20210910-WA0132-1024x768.jpg 1024w, https:\/\/blogdorogeriogomes.com.br\/noticias\/wp-content\/uploads\/2021\/09\/IMG-20210910-WA0132-300x225.jpg 300w, https:\/\/blogdorogeriogomes.com.br\/noticias\/wp-content\/uploads\/2021\/09\/IMG-20210910-WA0132-768x576.jpg 768w, https:\/\/blogdorogeriogomes.com.br\/noticias\/wp-content\/uploads\/2021\/09\/IMG-20210910-WA0132-800x600.jpg 800w, https:\/\/blogdorogeriogomes.com.br\/noticias\/wp-content\/uploads\/2021\/09\/IMG-20210910-WA0132-400x300.jpg 400w, https:\/\/blogdorogeriogomes.com.br\/noticias\/wp-content\/uploads\/2021\/09\/IMG-20210910-WA0132.jpg 1080w\" sizes=\"auto, (max-width: 1024px) 100vw, 1024px\" \/><\/figure>\n","protected":false},"excerpt":{"rendered":"<p>O fato de estar com as duas doses da vacina contra a Covid-19 ou a dose \u00fanica da Janssen pode ser a garantia para acesso a futuros eventos sociais e a servi\u00e7os. A obten\u00e7\u00e3o do chamado passaporte da vacina foi tema da reuni\u00e3o do Comit\u00ea Estadual de Enfrentamento \u00e0 Covid-19, nesta sexta-feira, dia 10 de setembro. O comit\u00ea tem a participa\u00e7\u00e3o do governador Camilo Santana e de representantes da Assembleia Legislativa, Tribunal de Justi\u00e7a, Minist\u00e9rio P\u00fablico Estadual, Minist\u00e9rio P\u00fablico&hellip;<\/p>\n","protected":false},"author":1,"featured_media":22678,"comment_status":"open","ping_status":"open","sticky":false,"template":"","format":"standard","meta":{"footnotes":""},"categories":[1],"tags":[],"class_list":["post-22677","post","type-post","status-publish","format-standard","has-post-thumbnail","hentry","category-noticias"],"_links":{"self":[{"href":"https:\/\/blogdorogeriogomes.com.br\/noticias\/wp-json\/wp\/v2\/posts\/22677","targetHints":{"allow":["GET"]}}],"collection":[{"href":"https:\/\/blogdorogeriogomes.com.br\/noticias\/wp-json\/wp\/v2\/posts"}],"about":[{"href":"https:\/\/blogdorogeriogomes.com.br\/noticias\/wp-json\/wp\/v2\/types\/post"}],"author":[{"embeddable":true,"href":"https:\/\/blogdorogeriogomes.com.br\/noticias\/wp-json\/wp\/v2\/users\/1"}],"replies":[{"embeddable":true,"href":"https:\/\/blogdorogeriogomes.com.br\/noticias\/wp-json\/wp\/v2\/comments?post=22677"}],"version-history":[{"count":2,"href":"https:\/\/blogdorogeriogomes.com.br\/noticias\/wp-json\/wp\/v2\/posts\/22677\/revisions"}],"predecessor-version":[{"id":22694,"href":"https:\/\/blogdorogeriogomes.com.br\/noticias\/wp-json\/wp\/v2\/posts\/22677\/revisions\/22694"}],"wp:featuredmedia":[{"embeddable":true,"href":"https:\/\/blogdorogeriogomes.com.br\/noticias\/wp-json\/wp\/v2\/media\/22678"}],"wp:attachment":[{"href":"https:\/\/blogdorogeriogomes.com.br\/noticias\/wp-json\/wp\/v2\/media?parent=22677"}],"wp:term":[{"taxonomy":"category","embeddable":true,"href":"https:\/\/blogdorogeriogomes.com.br\/noticias\/wp-json\/wp\/v2\/categories?post=22677"},{"taxonomy":"post_tag","embeddable":true,"href":"https:\/\/blogdorogeriogomes.com.br\/noticias\/wp-json\/wp\/v2\/tags?post=22677"}],"curies":[{"name":"wp","href":"https:\/\/api.w.org\/{rel}","templated":true}]}}