{"id":22681,"date":"2021-09-11T11:43:16","date_gmt":"2021-09-11T11:43:16","guid":{"rendered":"https:\/\/blogdorogeriogomes.com.br\/?p=22681"},"modified":"2021-09-13T10:54:23","modified_gmt":"2021-09-13T10:54:23","slug":"protestos-contra-bolsonaro-neste-domingo-terao-participacao-de-partidos-que-vao-da-direita-a-esquerda","status":"publish","type":"post","link":"https:\/\/blogdorogeriogomes.com.br\/noticias\/2021\/09\/protestos-contra-bolsonaro-neste-domingo-terao-participacao-de-partidos-que-vao-da-direita-a-esquerda\/","title":{"rendered":"Protestos contra Bolsonaro neste domingo ter\u00e3o participa\u00e7\u00e3o de partidos que v\u00e3o da direita \u00e0 esquerda"},"content":{"rendered":"\n<p>Ap\u00f3s as manifesta\u00e7\u00f5es antidemocraticas que pediam interven\u00e7\u00e3o militar e golpe de Estado no \u00faltimo 7 de Setembro, os partidos que fazem oposi\u00e7\u00e3o a Jair Bolsonaro v\u00e3o \u00e0s ruas neste domingo, dia 12 de setembro, para pedir o impeachment do presidente da Rep\u00fablica. O protesto promete reunir setores que v\u00e3o da direita \u00e0 esquerda. PT e PSOL decidiram n\u00e3o participar do movimento e v\u00e3o realizar outras manifesta\u00e7\u00f5es com a mesma bandeira mais \u00e0 frente. J\u00e1 o PCdoB, PSB e PDT confirmaram engajamento nos protestos pelo &#8220;Fora Bolsonaro&#8221;.<\/p>\n\n\n\n<p>O Movimento Brasil Livre (MBL), o Vem Pra Rua e o Juventude Livre organizam o protesto contra o presidente Jair Bolsonaro, neste domingo, em v\u00e1rias capitais brasileiras. V\u00e1rios presidenciaveis confirmaram presen\u00e7a na manifesta\u00e7\u00e3o marcada para a avenida Paulista, em S\u00e3o Paulo. Ciro Gomes(PDT), a senadora Simone Tebet (MDB-MS), o ex-presidenci\u00e1vel Jo\u00e3o Amo\u00eado (Novo) e o senador Alessandro Vieira (Cidadania-SE). O ex-ministro Luiz Henrique Mandetta (DEM) e o senador \u00c1lvaro Dias&nbsp;(Podemos-PR) tamb\u00e9m s\u00e3o aguardados pelos organizadores do evento.<\/p>\n\n\n\n<p>Em Fortaleza, os manifestantes v\u00e3o se concentrar na Pra\u00e7a Portugal, na Aldeota, \u00e0s 15 horas, e depois devem seguir em passeata pela avenida Beira-Mar.<\/p>\n\n\n\n<figure class=\"wp-block-image size-large\"><img loading=\"lazy\" decoding=\"async\" width=\"679\" height=\"452\" src=\"https:\/\/blogdorogeriogomes.com.br\/wp-content\/uploads\/2021\/09\/images-43.jpeg\" alt=\"\" class=\"wp-image-22682\" srcset=\"https:\/\/blogdorogeriogomes.com.br\/noticias\/wp-content\/uploads\/2021\/09\/images-43.jpeg 679w, https:\/\/blogdorogeriogomes.com.br\/noticias\/wp-content\/uploads\/2021\/09\/images-43-300x200.jpeg 300w\" sizes=\"auto, (max-width: 679px) 100vw, 679px\" \/><\/figure>\n","protected":false},"excerpt":{"rendered":"<p>Ap\u00f3s as manifesta\u00e7\u00f5es antidemocraticas que pediam interven\u00e7\u00e3o militar e golpe de Estado no \u00faltimo 7 de Setembro, os partidos que fazem oposi\u00e7\u00e3o a Jair Bolsonaro v\u00e3o \u00e0s ruas neste domingo, dia 12 de setembro, para pedir o impeachment do presidente da Rep\u00fablica. O protesto promete reunir setores que v\u00e3o da direita \u00e0 esquerda. PT e PSOL decidiram n\u00e3o participar do movimento e v\u00e3o realizar outras manifesta\u00e7\u00f5es com a mesma bandeira mais \u00e0 frente. J\u00e1 o PCdoB, PSB e PDT&hellip;<\/p>\n","protected":false},"author":1,"featured_media":22682,"comment_status":"open","ping_status":"open","sticky":false,"template":"","format":"standard","meta":{"footnotes":""},"categories":[1],"tags":[],"class_list":["post-22681","post","type-post","status-publish","format-standard","has-post-thumbnail","hentry","category-noticias"],"_links":{"self":[{"href":"https:\/\/blogdorogeriogomes.com.br\/noticias\/wp-json\/wp\/v2\/posts\/22681","targetHints":{"allow":["GET"]}}],"collection":[{"href":"https:\/\/blogdorogeriogomes.com.br\/noticias\/wp-json\/wp\/v2\/posts"}],"about":[{"href":"https:\/\/blogdorogeriogomes.com.br\/noticias\/wp-json\/wp\/v2\/types\/post"}],"author":[{"embeddable":true,"href":"https:\/\/blogdorogeriogomes.com.br\/noticias\/wp-json\/wp\/v2\/users\/1"}],"replies":[{"embeddable":true,"href":"https:\/\/blogdorogeriogomes.com.br\/noticias\/wp-json\/wp\/v2\/comments?post=22681"}],"version-history":[{"count":2,"href":"https:\/\/blogdorogeriogomes.com.br\/noticias\/wp-json\/wp\/v2\/posts\/22681\/revisions"}],"predecessor-version":[{"id":22693,"href":"https:\/\/blogdorogeriogomes.com.br\/noticias\/wp-json\/wp\/v2\/posts\/22681\/revisions\/22693"}],"wp:featuredmedia":[{"embeddable":true,"href":"https:\/\/blogdorogeriogomes.com.br\/noticias\/wp-json\/wp\/v2\/media\/22682"}],"wp:attachment":[{"href":"https:\/\/blogdorogeriogomes.com.br\/noticias\/wp-json\/wp\/v2\/media?parent=22681"}],"wp:term":[{"taxonomy":"category","embeddable":true,"href":"https:\/\/blogdorogeriogomes.com.br\/noticias\/wp-json\/wp\/v2\/categories?post=22681"},{"taxonomy":"post_tag","embeddable":true,"href":"https:\/\/blogdorogeriogomes.com.br\/noticias\/wp-json\/wp\/v2\/tags?post=22681"}],"curies":[{"name":"wp","href":"https:\/\/api.w.org\/{rel}","templated":true}]}}