{"id":22684,"date":"2021-09-13T09:53:39","date_gmt":"2021-09-13T09:53:39","guid":{"rendered":"https:\/\/blogdorogeriogomes.com.br\/?p=22684"},"modified":"2021-09-13T10:54:13","modified_gmt":"2021-09-13T10:54:13","slug":"sem-pt-e-psol-atos-contra-bolsonaro-foram-esvaziados-pelo-pais-neste-domingo","status":"publish","type":"post","link":"https:\/\/blogdorogeriogomes.com.br\/noticias\/2021\/09\/sem-pt-e-psol-atos-contra-bolsonaro-foram-esvaziados-pelo-pais-neste-domingo\/","title":{"rendered":"Sem PT e PSOL, atos contra Bolsonaro foram esvaziados pelo Pa\u00eds neste domingo"},"content":{"rendered":"\n<p>A aus\u00eancia do PT e do PSOL esvaziou os atos contra o presidente Jair Bolsonaro pelo Pa\u00eds, neste domingo, dia 12 de setembro. Puxado pelo Movimento Brasil Livre (MBL) e pelo Vem Pra Rua, as manifesta\u00e7\u00f5es tiveram baixas ades\u00f5es. Em S\u00e3o Paulo, os atos reuniram at\u00e9 presidenci\u00e1veis que tentam ser a terceira via para 2022, mas n\u00e3o fizeram frente \u00e0 mobiliza\u00e7\u00e3o bolsonarista no feriado da Independ\u00eancia.<\/p>\n\n\n\n<p>O PT se negou a participar dos protestos de domingo, porque uma das bandeiras do MBL era se posicionar contra a candidatura de Lula \u00e0 Presid\u00eancia da Rep\u00fablica. Os dirigentes petistas tamb\u00e9m reclamam que o MBL foi um dos principais articuladores da campanha vitoriosa de Bolsonaro em 2018. Hoje, se mostram arrependidos do que ajudaram a eleger.<\/p>\n\n\n\n<p>Em Fortaleza, o ato contra Bolsonaro aconteceu na Pra\u00e7a Portugal, na Aldeota, e teve a participa\u00e7\u00e3o de simpatizantes do PDT, PCdoB e PSB. Apesar da pouca ades\u00e3o, os organizadores refor\u00e7aram a import\u00e2ncia de firmar posi\u00e7\u00e3o contra o atual presidente da Rep\u00fablica.<\/p>\n\n\n\n<p>Para os pr\u00f3ximos protestos, lideran\u00e7as de centro-esquerda querem aproxima\u00e7\u00e3o com o PT de Lula para refor\u00e7ar as mobiliza\u00e7\u00f5es. Carlos Lupi, presidente nacional do PDT, afirma que h\u00e1 uma reuni\u00e3o prevista para a quarta-feira, dia 15, com cerca de 10 partidos e o tema principal \u00e9 uni\u00e3o contra o Governo Federal.<\/p>\n\n\n\n<figure class=\"wp-block-image size-large\"><img loading=\"lazy\" decoding=\"async\" width=\"1024\" height=\"683\" src=\"https:\/\/blogdorogeriogomes.com.br\/wp-content\/uploads\/2021\/09\/1631471987613e497327017_1631471987_3x2_lg.jpg\" alt=\"\" class=\"wp-image-22685\" srcset=\"https:\/\/blogdorogeriogomes.com.br\/noticias\/wp-content\/uploads\/2021\/09\/1631471987613e497327017_1631471987_3x2_lg.jpg 1024w, https:\/\/blogdorogeriogomes.com.br\/noticias\/wp-content\/uploads\/2021\/09\/1631471987613e497327017_1631471987_3x2_lg-300x200.jpg 300w, https:\/\/blogdorogeriogomes.com.br\/noticias\/wp-content\/uploads\/2021\/09\/1631471987613e497327017_1631471987_3x2_lg-768x512.jpg 768w, https:\/\/blogdorogeriogomes.com.br\/noticias\/wp-content\/uploads\/2021\/09\/1631471987613e497327017_1631471987_3x2_lg-800x534.jpg 800w\" sizes=\"auto, (max-width: 1024px) 100vw, 1024px\" \/><\/figure>\n","protected":false},"excerpt":{"rendered":"<p>A aus\u00eancia do PT e do PSOL esvaziou os atos contra o presidente Jair Bolsonaro pelo Pa\u00eds, neste domingo, dia 12 de setembro. Puxado pelo Movimento Brasil Livre (MBL) e pelo Vem Pra Rua, as manifesta\u00e7\u00f5es tiveram baixas ades\u00f5es. Em S\u00e3o Paulo, os atos reuniram at\u00e9 presidenci\u00e1veis que tentam ser a terceira via para 2022, mas n\u00e3o fizeram frente \u00e0 mobiliza\u00e7\u00e3o bolsonarista no feriado da Independ\u00eancia. O PT se negou a participar dos protestos de domingo, porque uma das&hellip;<\/p>\n","protected":false},"author":1,"featured_media":22685,"comment_status":"open","ping_status":"open","sticky":false,"template":"","format":"standard","meta":{"footnotes":""},"categories":[1],"tags":[],"class_list":["post-22684","post","type-post","status-publish","format-standard","has-post-thumbnail","hentry","category-noticias"],"_links":{"self":[{"href":"https:\/\/blogdorogeriogomes.com.br\/noticias\/wp-json\/wp\/v2\/posts\/22684","targetHints":{"allow":["GET"]}}],"collection":[{"href":"https:\/\/blogdorogeriogomes.com.br\/noticias\/wp-json\/wp\/v2\/posts"}],"about":[{"href":"https:\/\/blogdorogeriogomes.com.br\/noticias\/wp-json\/wp\/v2\/types\/post"}],"author":[{"embeddable":true,"href":"https:\/\/blogdorogeriogomes.com.br\/noticias\/wp-json\/wp\/v2\/users\/1"}],"replies":[{"embeddable":true,"href":"https:\/\/blogdorogeriogomes.com.br\/noticias\/wp-json\/wp\/v2\/comments?post=22684"}],"version-history":[{"count":1,"href":"https:\/\/blogdorogeriogomes.com.br\/noticias\/wp-json\/wp\/v2\/posts\/22684\/revisions"}],"predecessor-version":[{"id":22686,"href":"https:\/\/blogdorogeriogomes.com.br\/noticias\/wp-json\/wp\/v2\/posts\/22684\/revisions\/22686"}],"wp:featuredmedia":[{"embeddable":true,"href":"https:\/\/blogdorogeriogomes.com.br\/noticias\/wp-json\/wp\/v2\/media\/22685"}],"wp:attachment":[{"href":"https:\/\/blogdorogeriogomes.com.br\/noticias\/wp-json\/wp\/v2\/media?parent=22684"}],"wp:term":[{"taxonomy":"category","embeddable":true,"href":"https:\/\/blogdorogeriogomes.com.br\/noticias\/wp-json\/wp\/v2\/categories?post=22684"},{"taxonomy":"post_tag","embeddable":true,"href":"https:\/\/blogdorogeriogomes.com.br\/noticias\/wp-json\/wp\/v2\/tags?post=22684"}],"curies":[{"name":"wp","href":"https:\/\/api.w.org\/{rel}","templated":true}]}}